{"id":130963,"date":"2026-01-09T17:49:28","date_gmt":"2026-01-09T17:49:28","guid":{"rendered":"https:\/\/www.europesays.com\/se\/130963\/"},"modified":"2026-01-09T17:49:28","modified_gmt":"2026-01-09T17:49:28","slug":"insatsstyrka-ska-minska-vald-bland-yngre-elever","status":"publish","type":"post","link":"https:\/\/www.europesays.com\/se\/130963\/","title":{"rendered":"\u201dInsatsstyrka\u201d ska minska v\u00e5ld bland yngre elever"},"content":{"rendered":"<p>                                    <img decoding=\"async\" src=\"https:\/\/www.europesays.com\/se\/wp-content\/uploads\/2026\/01\/emilia-bjuggren-vald-elever.jpg\" alt=\"\" loading=\"lazy\"\/><\/p>\n<p class=\"article-headerImageDescription\">Mobila akutskolor ska vara p\u00e5 plats under v\u00e5ren, s\u00e4ger skolborgarr\u00e5det i Stockholm, Emilia Bjuggren.<\/p>\n<p class=\"article-preamble\">\n                        Hot och v\u00e5ld<br \/>\n                        Stockholms Stad skapar en \u201dinsatsstyrka\u201d f\u00f6r att snabbt st\u00e4vja hot och v\u00e5ld bland de yngsta eleverna.<br \/>\u2013 Den ska vara p\u00e5 plats under v\u00e5ren, s\u00e4ger skolborgarr\u00e5det, Emilia Bjuggren.\n                    <\/p>\n<p>                    <img loading=\"lazy\" decoding=\"async\" class=\"article-bylineImg\" src=\"https:\/\/www.europesays.com\/se\/wp-content\/uploads\/2026\/01\/jan-huss.jpeg\" width=\"100\" height=\"100\" alt=\"\"\/><\/p>\n<p>Otryggheten och anm\u00e4lningarna om hot och v\u00e5ld i skolan \u00f6kar i skolorna runt om i landet. I Stockholm har problemen varit s\u00e5 stora att skyddsombud vid flera tillf\u00e4llen senaste \u00e5ren stoppat l\u00e4rare fr\u00e5n att g\u00e5 till jobbet p\u00e5 grund av enskilda elevers beteende.<\/p>\n<p>\u2013 Vi har sett en tydlig \u00f6kning av hot och v\u00e5ld i skolorna och att det kryper ner i \u00e5ldrarna, framf\u00f6r allt i de anpassade grundskolorna, s\u00e4ger skolborgarr\u00e5det, Emilia Bjuggren.<\/p>\n<p>Fungerar inte p\u00e5 yngsta barnen<\/p>\n<p>I n\u00e4sta \u00e5rs budget finns pengar avsatta f\u00f6r mobila akutskolor, en \u201dinsatsstyrka\u201d med l\u00e4rare med specialkompetens som med kort varsel ska kunna s\u00e4ttas in p\u00e5 skolor d\u00e4r st\u00f6kiga elever riskerar att f\u00f6rst\u00f6ra f\u00f6r sig sj\u00e4lva och f\u00f6r andra.<\/p>\n<p>\u2013 F\u00f6r de \u00e4ldre eleverna har vi akutskolor. De fungerar mycket v\u00e4l. D\u00e4r f\u00e5r eleverna m\u00f6jlighet att under fyra veckor undervisas av l\u00e4rare med specialkompetens och f\u00f6r de mesta kan de sedan \u00e5terv\u00e4nda till sin ordinarie skola och klass, s\u00e4ger Emilia Bjuggren.<\/p>\n<p>F\u00f6r de yngre eleverna, de mellan sex och nio \u00e5r fungerar det d\u00e4remot inte.<\/p>\n<p>\u2013 De har inte kapacitet att koppla sitt beteende med konsekvensen att tas fr\u00e5n sin klass. Tanken \u00e4r att den mobila akutskolan ska best\u00e5 av personal med specialistkompetens som ska kunna st\u00f6tta l\u00e4rare och annan skolpersonal och jobba mot enskilda elever som varit involverad i en hot- eller v\u00e5ldsincident.<\/p>\n<p>                            <img decoding=\"async\" src=\"https:\/\/www.europesays.com\/se\/wp-content\/uploads\/2026\/01\/simon-sandstrom-bred.jpg\" alt=\"Simon Sandstr\u00f6m skyddsombud Sveriges L\u00e4rare Stockholm\" loading=\"lazy\"\/><\/p>\n<p>                            Foto: Emma Wallskog\/Bildbyr\u00e5n<\/p>\n<p class=\"article-contentImageDescription\">Simon Sandstr\u00f6m, huvudskyddsombud f\u00f6r Sveriges L\u00e4rare.<\/p>\n<p>Sveriges L\u00e4rares huvudskyddsombud i Stockholm. Simon Sandstr\u00f6m, som sj\u00e4lv riktat skyddsstopp mot enskilda elever uppskattar initiativet.<\/p>\n<p>\u2013 Det \u00e4r en sorglig utveckling vi ser, men som huvudskyddsombud ser jag alla f\u00f6rs\u00f6k f\u00f6r att komma till r\u00e4tta med problemen som n\u00e5got positivt.<\/p>\n<p><strong>En av anledningarna att detta nu genomf\u00f6rs \u00e4r att skyddsombud riktat skyddsstopp mot enskilda elever som utgjort ett akut hot mot l\u00e4rarnas h\u00e4lsa, stopp som rektorn accepterat. Vad t\u00e4nker du om det?<\/strong><\/p>\n<p>\u2013 Nu \u00e4r ju detta med skyddsstopp p\u00e5 arbete med elever inte speciellt vanligt f\u00f6rekommande. Vid dessa tillf\u00e4llen \u00e4r det ju en omedelbar och allvarlig fara f\u00f6r liv eller h\u00e4lsa, och n\u00e4r det sker kanske inte denna mobila akutskola kommer vara l\u00f6sningen. Det kan ju finnas en enorm r\u00e4dsla och oro hos personalen p\u00e5 den aktuella skolan, s\u00e5 vid dessa tillf\u00e4llen \u00e4r nog en flytt av eleven till en annan enhet mer l\u00e4mpligt.<\/p>\n<p><strong>St\u00f6kiga elever ska allts\u00e5 f\u00e5 hj\u00e4lp och specialundervisning p\u00e5 den egna skolan, men avskilt, \u00e4r det t\u00e4nkt. Kommer det att fungera \u00f6verallt? Finns det tomma lokaler?<\/strong><\/p>\n<p>\u2013 Det finns inte tomma lokaler p\u00e5 alla skolor. Den mobila akutskolans n\u00e4rvaro skulle kunna f\u00e5 en negativ effekt f\u00f6r andra elever och annan personal p\u00e5 den aktuella skolan. Det kan ju i sig p\u00e5verka arbetsmilj\u00f6n. Det kan helt klart uppst\u00e5 problem kopplat till just lokalerna. Det \u00e4r n\u00e5got att ta med sig och g\u00f6ra skyndsamma risk- och konsekvensanalyser kring vid situationer d\u00e4r akutskolan ses som en l\u00f6sning, s\u00e4ger Simon Sandstr\u00f6m.<\/p>\n<p>Ska vara ig\u00e5ng under v\u00e5ren<\/p>\n<p>Exakt hur insatsstyrkan ska utformas, hur m\u00e5nga specialister som ska ing\u00e5 och hur de ska organiseras \u00e4r inte klart.<\/p>\n<p>\u2013 Alla detaljer om hur m\u00e5nga och vilka som ska ing\u00e5 i akutteamet \u00e4r inte klart men det \u00e4r v\u00e5r f\u00f6rhoppning att det ska komma ig\u00e5ng under v\u00e5ren, s\u00e4ger Emilia Bjuggren.<\/p>\n<p>Simon Sandstr\u00f6m \u00e4r f\u00f6rv\u00e4ntansfull.<\/p>\n<p>\u2013 Det blir intressant att utv\u00e4rdera detta om n\u00e5got \u00e5r. I Stockholm har vi en god samverkan kring problematiken med hot och v\u00e5ld, det p\u00e5 f\u00f6rvaltningsniv\u00e5 och ute p\u00e5 skolorna. Det kommer att vara kontinuerliga m\u00f6ten p\u00e5 f\u00f6rvaltningen f\u00f6r att se \u00f6ver l\u00e4get och samverka kring l\u00f6sningar.<\/p>\n<p><strong>L\u00c4S MER:<\/strong><\/p>\n<p><a title=\"Hot och v\u00e5ld \u00f6kar bland yngre barn: \u201dEtt slagf\u00e4lt\u201d\" href=\"https:\/\/www.vilarare.se\/nyheter\/arbetsmiljo\/hot-och-vald-okar-bland-yngre-barn-ett-slagfalt\/\" rel=\"nofollow noopener\" target=\"_blank\">Hot och v\u00e5ld \u00f6kar bland yngre barn: \u201dEtt slagf\u00e4lt\u201d<\/a><\/p>\n<p><a title=\"V\u00e5ldsam sex\u00e5ring \u2013 l\u00e4rare fick b\u00e4ra skyddskl\u00e4der\" href=\"https:\/\/www.vilarare.se\/nyheter\/vald-i-skolan\/valdsam-sexaring--larare-fick-bara-skyddsklader\/\" rel=\"nofollow noopener\" target=\"_blank\">V\u00e5ldsam sex\u00e5ring \u2013 l\u00e4rare fick b\u00e4ra skyddskl\u00e4der<\/a><\/p>\n<p><a title=\"Skyddsstopp p\u00e5 skola efter v\u00e5ld av l\u00e5gstadieelev\" href=\"https:\/\/www.vilarare.se\/nyheter\/vald-i-skolan\/skyddsstopp-pa-skola-efter-vald-av-elev-pa-lagstadiet\/\" rel=\"nofollow noopener\" target=\"_blank\">Skyddsstopp p\u00e5 skola efter v\u00e5ld av l\u00e5gstadieelev<\/a><\/p>\n<p><a title=\"\u201dM\u00e5ste bli konsekvenser f\u00f6r elever som hotar och kr\u00e4nker l\u00e4rare\u201d\" href=\"https:\/\/www.vilarare.se\/nyheter\/vi-larare-debatt\/det-handlar-inte-om-bestraffningar\/\" rel=\"nofollow noopener\" target=\"_blank\">\u201dM\u00e5ste bli konsekvenser f\u00f6r elever som hotar och kr\u00e4nker l\u00e4rare\u201d<\/a><\/p>\n","protected":false},"excerpt":{"rendered":"Mobila akutskolor ska vara p\u00e5 plats under v\u00e5ren, s\u00e4ger skolborgarr\u00e5det i Stockholm, Emilia Bjuggren. Hot och v\u00e5ld Stockholms&hellip;\n","protected":false},"author":2,"featured_media":130964,"comment_status":"","ping_status":"","sticky":false,"template":"","format":"standard","meta":{"footnotes":""},"categories":[5],"tags":[22,23,26,27,17,21,24,25,28,29,15,16,18,34,31,33,32,30,19,20],"class_list":{"0":"post-130963","1":"post","2":"type-post","3":"status-publish","4":"format-standard","5":"has-post-thumbnail","7":"category-rubriker","8":"tag-breaking-news","9":"tag-breakingnews","10":"tag-featured-news","11":"tag-featurednews","12":"tag-headlines","13":"tag-huvudnyheter","14":"tag-latest-news","15":"tag-latestnews","16":"tag-main-news","17":"tag-mainnews","18":"tag-news","19":"tag-nyheter","20":"tag-rubriker","21":"tag-se","22":"tag-svenska","23":"tag-sverige","24":"tag-sweden","25":"tag-swedish","26":"tag-top-stories","27":"tag-topstories"},"share_on_mastodon":{"url":"https:\/\/pubeurope.com\/@se\/115866406920886977","error":""},"_links":{"self":[{"href":"https:\/\/www.europesays.com\/se\/wp-json\/wp\/v2\/posts\/130963","targetHints":{"allow":["GET"]}}],"collection":[{"href":"https:\/\/www.europesays.com\/se\/wp-json\/wp\/v2\/posts"}],"about":[{"href":"https:\/\/www.europesays.com\/se\/wp-json\/wp\/v2\/types\/post"}],"author":[{"embeddable":true,"href":"https:\/\/www.europesays.com\/se\/wp-json\/wp\/v2\/users\/2"}],"replies":[{"embeddable":true,"href":"https:\/\/www.europesays.com\/se\/wp-json\/wp\/v2\/comments?post=130963"}],"version-history":[{"count":0,"href":"https:\/\/www.europesays.com\/se\/wp-json\/wp\/v2\/posts\/130963\/revisions"}],"wp:featuredmedia":[{"embeddable":true,"href":"https:\/\/www.europesays.com\/se\/wp-json\/wp\/v2\/media\/130964"}],"wp:attachment":[{"href":"https:\/\/www.europesays.com\/se\/wp-json\/wp\/v2\/media?parent=130963"}],"wp:term":[{"taxonomy":"category","embeddable":true,"href":"https:\/\/www.europesays.com\/se\/wp-json\/wp\/v2\/categories?post=130963"},{"taxonomy":"post_tag","embeddable":true,"href":"https:\/\/www.europesays.com\/se\/wp-json\/wp\/v2\/tags?post=130963"}],"curies":[{"name":"wp","href":"https:\/\/api.w.org\/{rel}","templated":true}]}}