{"id":130972,"date":"2026-01-09T17:58:16","date_gmt":"2026-01-09T17:58:16","guid":{"rendered":"https:\/\/www.europesays.com\/se\/130972\/"},"modified":"2026-01-09T17:58:16","modified_gmt":"2026-01-09T17:58:16","slug":"misstankta-spionen-kopplas-till-ryssland","status":"publish","type":"post","link":"https:\/\/www.europesays.com\/se\/130972\/","title":{"rendered":"Misst\u00e4nkta spionen kopplas till Ryssland"},"content":{"rendered":"<p class=\"boxtextgrotesk-root_baa6 hyperion-css-7pajle\">Uppdaterad 17.36 | Publicerad 16.47<\/p>\n<p>share-arrowDela<\/p>\n<p>unsaveSpara<\/p>\n<p>expand-left<\/p>\n<p>helsk\u00e4rm<img decoding=\"async\" class=\"image-asset hyperion-css-u06ts1\" data-test-tag=\"image-asset\" src=\"https:\/\/www.europesays.com\/se\/wp-content\/uploads\/2026\/01\/badb6deb-686d-4849-af24-2b6ab02e2876.jpeg\"  alt=\"Den 33-\u00e5rige mannen sitter h\u00e4ktad misst\u00e4nkt f\u00f6r spioneri.\"  loading=\"eager\" fetchpriority=\"high\" style=\"aspect-ratio:1292 \/ 869\"\/>Den 33-\u00e5rige mannen sitter h\u00e4ktad misst\u00e4nkt f\u00f6r spioneri. Foto: Peter Wixtr\u00f6m<\/p>\n<p class=\"hyperion-css-1shl3oz\" data-test-tag=\"lead-text\">Den misst\u00e4nkte spionen fr\u00e5n Mellansverige tros ha hj\u00e4lpt rysk underr\u00e4ttelsetj\u00e4nst.<\/p>\n<p class=\"hyperion-css-1shl3oz\" data-test-tag=\"lead-text\">Det anser \u00e5klagaren Mats Ljungqvist.<\/p>\n<p class=\"hyperion-css-1shl3oz\" data-test-tag=\"lead-text\">\u2013 Huruvida s\u00e5 \u00e4r fallet f\u00e5r den fortsatta processen visa, s\u00e4ger han.<\/p>\n<p class=\"hyperion-css-1v9qo5x\">Den 33-\u00e5rige mannen som h\u00e4ktades misst\u00e4nkt f\u00f6r spioneri under onsdagen kan ha kopplingar till Ryssland.<\/p>\n<p class=\"hyperion-css-1v9qo5x\">Det s\u00e4ger \u00e5klagare Mats Ljungqvist i ett pressmeddelande.<\/p>\n<p class=\"hyperion-css-1v9qo5x\">\u2013 I nul\u00e4get pekar utredningen mot att den misst\u00e4nkte g\u00e5tt rysk underr\u00e4ttelsetj\u00e4nst tillhanda, s\u00e4ger han.<\/p>\n<p class=\"hyperion-css-1v9qo5x\">Mannen, som \u00e4r hemmah\u00f6rande i Mellansverige, anh\u00f6lls i s\u00f6ndags och h\u00e4ktades i onsdags f\u00f6r brottslighet som misst\u00e4nks ha beg\u00e5tts mellan 2025 och 2026.<\/p>\n<p class=\"hyperion-css-1v9qo5x\">\u2013 Jag \u00e4r belagd med yppandef\u00f6rbud, men det jag kan s\u00e4ga \u00e4r att min klient f\u00f6rnekar brott, sa mannens advokat Hanna Lindblom efter h\u00e4ktningsf\u00f6rhandlingen i onsdags, och h\u00e4nvisade till att det \u00e4r en k\u00e4nslig utredning.<\/p>\n<p>expand-left<\/p>\n<p>helsk\u00e4rm<img decoding=\"async\" class=\"image-asset hyperion-css-u06ts1\" data-test-tag=\"image-asset\" src=\"https:\/\/www.europesays.com\/se\/wp-content\/uploads\/2026\/01\/acbf7620-1cf3-4bcd-a2c5-591daadd079f.jpeg\"  alt=\"Mannens advokat Hanna Lindblom s\u00e4ger att han nekar till brott.\"  loading=\"eager\" fetchpriority=\"high\" style=\"aspect-ratio:585 \/ 606\"\/>Mannens advokat Hanna Lindblom s\u00e4ger att han nekar till brott. Foto: AftonbladetJobbade p\u00e5 F\u00f6rsvarsmakten<\/p>\n<p class=\"hyperion-css-1v9qo5x\">33-\u00e5ringen \u00e4r f\u00f6dd och uppvuxen i Sverige. Han \u00e4r registrerad som huvudman f\u00f6r ett relativt nystartat f\u00f6retag som enligt bolagsinformationen ska \u00e4gna sig \u00e5t \u201dcybers\u00e4kerhet\u201d, med fokus p\u00e5 \u201doffensiva cyberoperationer\u201d. <\/p>\n<p class=\"hyperion-css-1v9qo5x\">Mannen har tidigare f\u00e5tt avslag p\u00e5 studiel\u00e5n och gjort flera JO-anm\u00e4lningar, bland annat mot F\u00f6rsvarets radioanstalt, FRA. Myndigheten uppger f\u00f6r Aftonbladet att mannen inte varit anst\u00e4lld d\u00e4r.<\/p>\n<p class=\"hyperion-css-1v9qo5x\">Enligt handlingar som Aftonbladet tagit del av har han \u00e4ven studerat it-s\u00e4kerhet vid flera olika l\u00e4ros\u00e4ten. Bland annat l\u00e4ste han till it-s\u00e4kerhetsspecialist vid Blekinge tekniska h\u00f6gskola i Karlskrona, men tog aldrig examen.<\/p>\n<p>expand-left<\/p>\n<p>helsk\u00e4rm<img decoding=\"async\" class=\"image-asset hyperion-css-u06ts1\" data-test-tag=\"image-asset\" src=\"https:\/\/www.europesays.com\/se\/wp-content\/uploads\/2026\/01\/0470fc01-b8eb-4f15-a03d-348daf6ca909.jpeg\"  alt=\"\"  loading=\"eager\" fetchpriority=\"high\" style=\"aspect-ratio:1311 \/ 873\"\/> Foto: Peter Wixtr\u00f6mIt-konsult<\/p>\n<p class=\"hyperion-css-1v9qo5x\">Han fick icke godk\u00e4nt i fyra kurser, varav en var \u201detisk hacking\u201d.<\/p>\n<p class=\"hyperion-css-1v9qo5x\">Mannen har tidigare varit anst\u00e4lld vid \u00a0<a data-test-tag=\"internal-link\" href=\"https:\/\/www.aftonbladet.se\/tagg\/forsvarsmakten\" class=\"hyperion-css-15jkft9\" rel=\"nofollow noopener\" target=\"\" aria-label=\"F\u00f6rsvarsmakten\">F\u00f6rsvarsmakten<\/a>, bekr\u00e4ftar myndigheten f\u00f6r Aftonbladet. D\u00e4r jobbade han enligt TT som it-konsult mellan \u00e5ren 2018 och 2022.<\/p>\n<p class=\"hyperion-css-1v9qo5x\">Det \u00e4r oklart om den misst\u00e4nkta brottsligheten har n\u00e5gon koppling till mannens tid p\u00e5 myndigheten.<\/p>\n","protected":false},"excerpt":{"rendered":"Uppdaterad 17.36 | Publicerad 16.47 share-arrowDela unsaveSpara expand-left helsk\u00e4rmDen 33-\u00e5rige mannen sitter h\u00e4ktad misst\u00e4nkt f\u00f6r spioneri. Foto: Peter&hellip;\n","protected":false},"author":2,"featured_media":130973,"comment_status":"","ping_status":"","sticky":false,"template":"","format":"standard","meta":{"footnotes":""},"categories":[5],"tags":[22,23,26,27,17,21,24,25,28,29,15,16,18,34,31,33,32,30,19,20],"class_list":{"0":"post-130972","1":"post","2":"type-post","3":"status-publish","4":"format-standard","5":"has-post-thumbnail","7":"category-rubriker","8":"tag-breaking-news","9":"tag-breakingnews","10":"tag-featured-news","11":"tag-featurednews","12":"tag-headlines","13":"tag-huvudnyheter","14":"tag-latest-news","15":"tag-latestnews","16":"tag-main-news","17":"tag-mainnews","18":"tag-news","19":"tag-nyheter","20":"tag-rubriker","21":"tag-se","22":"tag-svenska","23":"tag-sverige","24":"tag-sweden","25":"tag-swedish","26":"tag-top-stories","27":"tag-topstories"},"share_on_mastodon":{"url":"https:\/\/pubeurope.com\/@se\/115866442335189239","error":""},"_links":{"self":[{"href":"https:\/\/www.europesays.com\/se\/wp-json\/wp\/v2\/posts\/130972","targetHints":{"allow":["GET"]}}],"collection":[{"href":"https:\/\/www.europesays.com\/se\/wp-json\/wp\/v2\/posts"}],"about":[{"href":"https:\/\/www.europesays.com\/se\/wp-json\/wp\/v2\/types\/post"}],"author":[{"embeddable":true,"href":"https:\/\/www.europesays.com\/se\/wp-json\/wp\/v2\/users\/2"}],"replies":[{"embeddable":true,"href":"https:\/\/www.europesays.com\/se\/wp-json\/wp\/v2\/comments?post=130972"}],"version-history":[{"count":0,"href":"https:\/\/www.europesays.com\/se\/wp-json\/wp\/v2\/posts\/130972\/revisions"}],"wp:featuredmedia":[{"embeddable":true,"href":"https:\/\/www.europesays.com\/se\/wp-json\/wp\/v2\/media\/130973"}],"wp:attachment":[{"href":"https:\/\/www.europesays.com\/se\/wp-json\/wp\/v2\/media?parent=130972"}],"wp:term":[{"taxonomy":"category","embeddable":true,"href":"https:\/\/www.europesays.com\/se\/wp-json\/wp\/v2\/categories?post=130972"},{"taxonomy":"post_tag","embeddable":true,"href":"https:\/\/www.europesays.com\/se\/wp-json\/wp\/v2\/tags?post=130972"}],"curies":[{"name":"wp","href":"https:\/\/api.w.org\/{rel}","templated":true}]}}