{"id":130974,"date":"2026-01-09T18:00:12","date_gmt":"2026-01-09T18:00:12","guid":{"rendered":"https:\/\/www.europesays.com\/se\/130974\/"},"modified":"2026-01-09T18:00:12","modified_gmt":"2026-01-09T18:00:12","slug":"betydande-okning-for-bk-hacken-i-certifieringen-av-akademin","status":"publish","type":"post","link":"https:\/\/www.europesays.com\/se\/130974\/","title":{"rendered":"Betydande \u00f6kning f\u00f6r BK H\u00e4cken i certifieringen av akademin"},"content":{"rendered":"<p><strong>Resultatet av Svensk Elitfotbolls certifieringsmodell av klubbarnas akademiverksamheter har nu kommit. BK H\u00e4cken beh\u00e5ller sina fyra stj\u00e4rnor av sju m\u00f6jliga \u2013 och \u00f6kar med hela 768 po\u00e4ng gentemot f\u00f6rra \u00e5ret.<br \/>\u00a0\u2013 Vi \u00e4r v\u00e4ldigt glada f\u00f6r \u00f6kningen av po\u00e4ngen i certifieringen, s\u00e4ger akademichef Anders Wahrnberg.<\/strong><\/p>\n<p>Klubbarna som certifieras \u00e4r de 32 elitfotbollsklubbarna inom Unicoachn\u00e4tverket samt de klubbar fr\u00e5n Ettan Fotboll som anm\u00e4lt intresse. Modellen \u00e4r framtagen av Svensk Elitfotboll tillsammans med klubbarna sj\u00e4lva i syfte att g\u00f6ra svensk fotboll mer internationellt slagkraftig p\u00e5 sikt.<\/p>\n<p>Varje akademi ska f\u00e5 ett m\u00e5tt p\u00e5 sin egen verksamhet och en referenspunkt p\u00e5 vad klubben ska f\u00f6rs\u00f6ka f\u00f6rb\u00e4ttra till kommande s\u00e4songer och BK H\u00e4cken har \u2013\u00a0med sina 6 821 po\u00e4ng \u2013\u00a0fortsatt fyra stj\u00e4rnor. Det \u00e4r en \u00f6kning med 768 po\u00e4ng j\u00e4mf\u00f6rt f\u00f6reg\u00e5ende \u00e5rs 6\u00a0053 po\u00e4ng.<br \/>\u2013 Vi \u00e4r v\u00e4ldigt glada f\u00f6r \u00f6kningen av po\u00e4ngen i certifieringen. M\u00e5ls\u00e4ttningen f\u00f6r 2025 var dock att n\u00e5 fem stj\u00e4rnor och g\u00e4llande den m\u00e5ls\u00e4ttningen \u00e4r vi s\u00e5ledes fortsatt n\u00e5gra po\u00e4ng ifr\u00e5n. Gl\u00e4djande \u00e4r dock det fina arbete som dagligen g\u00f6rs av alla tr\u00e4nare och specialister i verksamheten. Det \u00e4r ett arbete som visar tecken p\u00e5 en v\u00e4ldigt bra verksamhet som \u00f6ver tid kommer ta oss h\u00f6gre upp i certifieringen, s\u00e4ger BK H\u00e4ckens akademichef Anders Wahrnberg.<\/p>\n","protected":false},"excerpt":{"rendered":"Resultatet av Svensk Elitfotbolls certifieringsmodell av klubbarnas akademiverksamheter har nu kommit. BK H\u00e4cken beh\u00e5ller sina fyra stj\u00e4rnor av&hellip;\n","protected":false},"author":2,"featured_media":130975,"comment_status":"","ping_status":"","sticky":false,"template":"","format":"standard","meta":{"footnotes":""},"categories":[68],"tags":[159,4526,138,4527,3474,34,111,110,31,33,32,30],"class_list":{"0":"post-130974","1":"post","2":"type-post","3":"status-publish","4":"format-standard","5":"has-post-thumbnail","7":"category-sport","8":"tag-allsvenskan","9":"tag-bravida-arena","10":"tag-fotboll","11":"tag-gpa","12":"tag-hisingen","13":"tag-se","14":"tag-sport","15":"tag-sports","16":"tag-svenska","17":"tag-sverige","18":"tag-sweden","19":"tag-swedish"},"share_on_mastodon":{"url":"https:\/\/pubeurope.com\/@se\/115866450314656583","error":""},"_links":{"self":[{"href":"https:\/\/www.europesays.com\/se\/wp-json\/wp\/v2\/posts\/130974","targetHints":{"allow":["GET"]}}],"collection":[{"href":"https:\/\/www.europesays.com\/se\/wp-json\/wp\/v2\/posts"}],"about":[{"href":"https:\/\/www.europesays.com\/se\/wp-json\/wp\/v2\/types\/post"}],"author":[{"embeddable":true,"href":"https:\/\/www.europesays.com\/se\/wp-json\/wp\/v2\/users\/2"}],"replies":[{"embeddable":true,"href":"https:\/\/www.europesays.com\/se\/wp-json\/wp\/v2\/comments?post=130974"}],"version-history":[{"count":0,"href":"https:\/\/www.europesays.com\/se\/wp-json\/wp\/v2\/posts\/130974\/revisions"}],"wp:featuredmedia":[{"embeddable":true,"href":"https:\/\/www.europesays.com\/se\/wp-json\/wp\/v2\/media\/130975"}],"wp:attachment":[{"href":"https:\/\/www.europesays.com\/se\/wp-json\/wp\/v2\/media?parent=130974"}],"wp:term":[{"taxonomy":"category","embeddable":true,"href":"https:\/\/www.europesays.com\/se\/wp-json\/wp\/v2\/categories?post=130974"},{"taxonomy":"post_tag","embeddable":true,"href":"https:\/\/www.europesays.com\/se\/wp-json\/wp\/v2\/tags?post=130974"}],"curies":[{"name":"wp","href":"https:\/\/api.w.org\/{rel}","templated":true}]}}