{"id":130988,"date":"2026-01-09T18:15:30","date_gmt":"2026-01-09T18:15:30","guid":{"rendered":"https:\/\/www.europesays.com\/se\/130988\/"},"modified":"2026-01-09T18:15:30","modified_gmt":"2026-01-09T18:15:30","slug":"18-aring-forsvunnen-i-uddevalla-i-januari-2026","status":"publish","type":"post","link":"https:\/\/www.europesays.com\/se\/130988\/","title":{"rendered":"18-\u00e5ring f\u00f6rsvunnen i Uddevalla i januari 2026"},"content":{"rendered":"<p>Publicerad 9 jan 2026 kl 10.09Uppdaterad kl 10.29<\/p>\n<p>En kvinna i 18-\u00e5rs\u00e5ldern f\u00f6rsvann i Uddevalla p\u00e5 tisdagen.\u00a0<\/p>\n<p>Polisen, hemv\u00e4rnet och Missing people genomf\u00f6r stora s\u00f6kinsatser.\u00a0<\/p>\n<p>\u2013 V\u00e5rt fokus \u00e4r att vi ska hitta henne, fort, s\u00e4ger Johan H\u00e5kansson, presstalesperson vid polisregion V\u00e4st.<\/p>\n<p><img   alt=\"\"\/><\/p>\n<p>Kvinnan f\u00f6rsvann i Uddevalla 6 januari.<\/p>\n<p>Foto: Google earth<\/p>\n<p>\u00d6ppna bild i helsk\u00e4rm<\/p>\n<p>En stor s\u00f6kinsats p\u00e5g\u00e5r fortsatt i <a href=\"https:\/\/www.expressen.se\/tagg\/location\/uddevalla\/\" class=\"\" rel=\"nofollow noopener\" target=\"_blank\">Uddevalla<\/a> efter den kvinna i 18-\u00e5rs\u00e5ldern som varit f\u00f6rsvunnen sedan i tisdags, 6 januari.\u00a0<\/p>\n<p>\u2013 S\u00f6karbetet \u00e4r i full g\u00e5ng och kommer fortg\u00e5 \u00e4ven under dagen, s\u00e4ger Johan H\u00e5kansson vid polisen.\u00a0<\/p>\n<p>Fynd som kan tillh\u00f6ra kvinnan har hittats i ett friluftsomr\u00e5de och polisen har sedan i onsdags s\u00f6kt i omr\u00e5det med hj\u00e4lp av dr\u00f6nare, hundar och \u00e4ven F\u00f6rsvarsmakten hj\u00e4lper till.\u00a0<\/p>\n<p>\u2013 Vi forts\u00e4tter att finkamma omr\u00e5det d\u00e4r vi har en indikation d\u00e4r hon kan ha befunnit sig. Vi jobbar ocks\u00e5 med annan informationsh\u00e4mtning f\u00f6r att ta reda p\u00e5 om hon kan vara p\u00e5 en helt annan plats, s\u00e4ger Johan H\u00e5kansson.\u00a0<\/p>\n<p>Misst\u00e4nker inget brott<\/p>\n<p>P\u00e5 fredagen genomf\u00f6r Missing people en akut s\u00f6kinsats.\u00a0<\/p>\n<p>Kvinnan s\u00e5gs senast i centrala Uddevalla p\u00e5 tisdagseftermiddagen.\u00a0<\/p>\n<p>Polisen misst\u00e4nker inget brott.\u00a0<\/p>\n<p>\u2013 Det finns inget som tyder p\u00e5 att hon utsatts f\u00f6r brott. V\u00e5rt fokus \u00e4r att vi ska hitta henne, fort, s\u00e4ger Johan H\u00e5kansson.\u00a0<\/p>\n<p>Hj\u00e4lp polisen<\/p>\n<p>Kvinnan har l\u00e5ngt mellanblont h\u00e5r och \u00e4r ungef\u00e4r 166 centimeter l\u00e5ng. Hon var vid f\u00f6rsvinnandet kl\u00e4dd i gulbeige tjocktr\u00f6ja med huva, kort svart jacka och bl\u00e5 jeans.\u00a0<\/p>\n<p>Om man har tips om fallet uppmanas man kontakta polisen p\u00e5 114 14, eller vid akuta fall 112.\u00a0Enligt Johan H\u00e5kansson har tips kommit in fr\u00e5n flera delar av landet, som polisen unders\u00f6ker.\u00a0<\/p>\n","protected":false},"excerpt":{"rendered":"Publicerad 9 jan 2026 kl 10.09Uppdaterad kl 10.29 En kvinna i 18-\u00e5rs\u00e5ldern f\u00f6rsvann i Uddevalla p\u00e5 tisdagen.\u00a0 Polisen,&hellip;\n","protected":false},"author":2,"featured_media":130989,"comment_status":"","ping_status":"","sticky":false,"template":"","format":"standard","meta":{"footnotes":""},"categories":[5],"tags":[22,23,26,27,17,21,24,25,2294,28,29,15,16,18,34,154,31,33,32,30,19,3585,20],"class_list":{"0":"post-130988","1":"post","2":"type-post","3":"status-publish","4":"format-standard","5":"has-post-thumbnail","7":"category-rubriker","8":"tag-breaking-news","9":"tag-breakingnews","10":"tag-featured-news","11":"tag-featurednews","12":"tag-headlines","13":"tag-huvudnyheter","14":"tag-latest-news","15":"tag-latestnews","16":"tag-location-uddevalla","17":"tag-main-news","18":"tag-mainnews","19":"tag-news","20":"tag-nyheter","21":"tag-rubriker","22":"tag-se","23":"tag-sections-sverige","24":"tag-svenska","25":"tag-sverige","26":"tag-sweden","27":"tag-swedish","28":"tag-top-stories","29":"tag-topic-forsvunna-personer","30":"tag-topstories"},"share_on_mastodon":{"url":"https:\/\/pubeurope.com\/@se\/115866509130218218","error":""},"_links":{"self":[{"href":"https:\/\/www.europesays.com\/se\/wp-json\/wp\/v2\/posts\/130988","targetHints":{"allow":["GET"]}}],"collection":[{"href":"https:\/\/www.europesays.com\/se\/wp-json\/wp\/v2\/posts"}],"about":[{"href":"https:\/\/www.europesays.com\/se\/wp-json\/wp\/v2\/types\/post"}],"author":[{"embeddable":true,"href":"https:\/\/www.europesays.com\/se\/wp-json\/wp\/v2\/users\/2"}],"replies":[{"embeddable":true,"href":"https:\/\/www.europesays.com\/se\/wp-json\/wp\/v2\/comments?post=130988"}],"version-history":[{"count":0,"href":"https:\/\/www.europesays.com\/se\/wp-json\/wp\/v2\/posts\/130988\/revisions"}],"wp:featuredmedia":[{"embeddable":true,"href":"https:\/\/www.europesays.com\/se\/wp-json\/wp\/v2\/media\/130989"}],"wp:attachment":[{"href":"https:\/\/www.europesays.com\/se\/wp-json\/wp\/v2\/media?parent=130988"}],"wp:term":[{"taxonomy":"category","embeddable":true,"href":"https:\/\/www.europesays.com\/se\/wp-json\/wp\/v2\/categories?post=130988"},{"taxonomy":"post_tag","embeddable":true,"href":"https:\/\/www.europesays.com\/se\/wp-json\/wp\/v2\/tags?post=130988"}],"curies":[{"name":"wp","href":"https:\/\/api.w.org\/{rel}","templated":true}]}}