{"id":130990,"date":"2026-01-09T18:17:11","date_gmt":"2026-01-09T18:17:11","guid":{"rendered":"https:\/\/www.europesays.com\/se\/130990\/"},"modified":"2026-01-09T18:17:11","modified_gmt":"2026-01-09T18:17:11","slug":"linn-svahn-vinner-tio-kilometer-klassiskt-i-falun","status":"publish","type":"post","link":"https:\/\/www.europesays.com\/se\/130990\/","title":{"rendered":"Linn Svahn vinner tio kilometer klassiskt i Falun"},"content":{"rendered":"<p>Publicerad 9 jan 2026 kl 12.46Uppdaterad kl 15.57<\/p>\n<p>Linn Svahn gjorde stark comeback \u2013 och vann p\u00e5 tio kilometer klassiskt i Falun.<\/p>\n<p>Sedan talade hon ut om skadan som pl\u00e5gade henne \u00f6ver jul.<\/p>\n<p>\u2013 Jag kunde inte ens g\u00e5 till toan, s\u00e4ger hon i Expressens s\u00e4ndning.<\/p>\n<p><img   alt=\"\"\/><\/p>\n<p>Stark comeback f\u00f6r Linn Svahn.<\/p>\n<p>Foto: MAXIM THORE \/ BILDBYR\u00c5N<\/p>\n<p>\u00d6ppna bild i helsk\u00e4rm<\/p>\n<p>I f\u00f6rmiddags p\u00e5 Smart Energy Cup i Falun tog Calle Halfvarsson sin f\u00f6rsta pallplats sedan 2023.\u00a0<\/p>\n<p>Tidigt p\u00e5 eftermiddagen, i damernas lopp, var det dags f\u00f6r en annan typ av comeback.<\/p>\n<p><a href=\"https:\/\/www.expressen.se\/tagg\/person\/linn-svahn\/\" class=\"\" rel=\"nofollow noopener\" target=\"_blank\">Linn Svahn<\/a> vann \u2013 i sin f\u00f6rsta start sedan v\u00e4rldscupen i Davos den 13 december.<\/p>\n<p>Evelina Cr\u00fcsell var den enda som kunde hota Svahn. Hon blev tv\u00e5a och kom in 9,1 sekunder efter.<\/p>\n<p>\u2013 De \u00e5kte s\u00e5 otroligt j\u00e4mnt, s\u00e4ger Jennie \u00d6berg i Expressens s\u00e4ndning.<\/p>\n<p>Tove Ericsson blev trea.\u00a0<\/p>\n<p>\u2013 N\u00e4r jag inte t\u00e4vlat s\u00e5 mycket handlar det mer om att komma i g\u00e5ng. Men det \u00e4r alltid kul att vinna, s\u00e4ger Svahn i studion efter loppet.<\/p>\n<p>Talar ut om skadan: \u201dF\u00f6ll ihop \u2013 gjorde s\u00e5 ont\u201d<\/p>\n<p>Anledningen bakom Svahns avbrott fr\u00e5n \u00e5kningen, och \u00e5terbud fr\u00e5n Tour de ski, var en fotskada.<\/p>\n<p>I Expressens s\u00e4ndning efter vinsten i Falun ber\u00e4ttar hon om hur det gick till.<\/p>\n<p>\u2013 Det var p\u00e5 julafton. Jag k\u00f6rde intervaller p\u00e5 morgonen, det gick j\u00e4ttebra, och sedan sprang jag p\u00e5 eftermiddagen. Men n\u00e4r jag kom hem kunde jag inte g\u00e5.<\/p>\n<p>Hon trodde att det skulle k\u00e4nnas b\u00e4ttre n\u00e4sta dag. Men icke.<\/p>\n<p>\u00a0\u2013 Jag kunde typ g\u00e5 tre steg. P\u00e5 det tredje steget s\u00e5 f\u00f6ll jag ihop f\u00f6r det gjorde s\u00e5 ont. Jag kunde inte ens g\u00e5 till toan.<\/p>\n<p>Nu k\u00e4nner hon sig dock helt \u00e5terst\u00e4lld.<\/p>\n<p>\u2013 N\u00e4r det \u00e4r s\u00e5 illa blir man orolig att det \u00e4r n\u00e5got fel, men jag orkar inte rota s\u00e5 mycket i det, f\u00f6r nu \u00e4r det bra.<\/p>\n<p><a href=\"https:\/\/livesport.expressen.se\/sv\/livestream\/s-sverigecupen-och-bauhaus-cup-falun-dag-2-3nqoh\" rel=\"nofollow noopener\" target=\"_blank\">Se l\u00f6rdagens sprintt\u00e4vlingar p\u00e5 Expressen med start 10.30<\/a>\u00a0<\/p>\n<p>Svenskor klara f\u00f6r OS<\/p>\n<p>Ebba Andersson<\/p>\n<p>Frida Karlsson<\/p>\n<p>Jonna Sundling<\/p>\n<p>Linn Svahn<\/p>\n<p>Maja Dahlqvist<\/p>\n<p>Moa Ilar<\/p>\n<p>Johanna Hagstr\u00f6m<\/p>\n<p>Emma Ribom<\/p>\n<p>Visa mer<\/p>\n","protected":false},"excerpt":{"rendered":"Publicerad 9 jan 2026 kl 12.46Uppdaterad kl 15.57 Linn Svahn gjorde stark comeback \u2013 och vann p\u00e5 tio&hellip;\n","protected":false},"author":2,"featured_media":130991,"comment_status":"","ping_status":"","sticky":false,"template":"","format":"standard","meta":{"footnotes":""},"categories":[68],"tags":[4988,34,857,111,110,31,33,32,30],"class_list":{"0":"post-130990","1":"post","2":"type-post","3":"status-publish","4":"format-standard","5":"has-post-thumbnail","7":"category-sport","8":"tag-person-linn-svahn","9":"tag-se","10":"tag-sections-langdskidor","11":"tag-sport","12":"tag-sports","13":"tag-svenska","14":"tag-sverige","15":"tag-sweden","16":"tag-swedish"},"share_on_mastodon":{"url":"https:\/\/pubeurope.com\/@se\/115866517088126542","error":""},"_links":{"self":[{"href":"https:\/\/www.europesays.com\/se\/wp-json\/wp\/v2\/posts\/130990","targetHints":{"allow":["GET"]}}],"collection":[{"href":"https:\/\/www.europesays.com\/se\/wp-json\/wp\/v2\/posts"}],"about":[{"href":"https:\/\/www.europesays.com\/se\/wp-json\/wp\/v2\/types\/post"}],"author":[{"embeddable":true,"href":"https:\/\/www.europesays.com\/se\/wp-json\/wp\/v2\/users\/2"}],"replies":[{"embeddable":true,"href":"https:\/\/www.europesays.com\/se\/wp-json\/wp\/v2\/comments?post=130990"}],"version-history":[{"count":0,"href":"https:\/\/www.europesays.com\/se\/wp-json\/wp\/v2\/posts\/130990\/revisions"}],"wp:featuredmedia":[{"embeddable":true,"href":"https:\/\/www.europesays.com\/se\/wp-json\/wp\/v2\/media\/130991"}],"wp:attachment":[{"href":"https:\/\/www.europesays.com\/se\/wp-json\/wp\/v2\/media?parent=130990"}],"wp:term":[{"taxonomy":"category","embeddable":true,"href":"https:\/\/www.europesays.com\/se\/wp-json\/wp\/v2\/categories?post=130990"},{"taxonomy":"post_tag","embeddable":true,"href":"https:\/\/www.europesays.com\/se\/wp-json\/wp\/v2\/tags?post=130990"}],"curies":[{"name":"wp","href":"https:\/\/api.w.org\/{rel}","templated":true}]}}