{"id":130996,"date":"2026-01-09T18:23:30","date_gmt":"2026-01-09T18:23:30","guid":{"rendered":"https:\/\/www.europesays.com\/se\/130996\/"},"modified":"2026-01-09T18:23:30","modified_gmt":"2026-01-09T18:23:30","slug":"avkladda-ai-bilder-pa-busch-uppror-grattis-victoria-p3-nyheter-med-johanna-gruter-9-januari-2026-p3-nyheter-med","status":"publish","type":"post","link":"https:\/\/www.europesays.com\/se\/130996\/","title":{"rendered":"Avkl\u00e4dda AI-bilder p\u00e5 Busch uppr\u00f6r\u00a0&#038; grattis\u00a0Victoria \u2013 P3 Nyheter med Johanna Gr\u00fcter 9 januari 2026 &#8211; P3 Nyheter med"},"content":{"rendered":"<p>AI-genererade\u00a0bilder p\u00e5 vice statsminister\u00a0Ebba\u00a0Busch d\u00e4r hon n\u00e4stan \u00e4r naken har cirkulerat p\u00e5 X, n\u00e5got som f\u00e5tt bland andra statsminister Ulf Kristersson att reagera. De senaste dagarna har\u00a0kritiken v\u00e4xt mot\u00a0AI -verktyget p\u00e5 X, Grok, som sedan i slutet av f\u00f6rra \u00e5ret kan generera\u00a0AI-porr. Nu utreds Elon Musks AI av flera l\u00e4nder och av EU.<\/p>\n<p>Sen pratar vi f\u00f6rnamn, som enligt en ny studie kan p\u00e5verka hur man uppfattas. Deltagare har f\u00e5tt ranka en lista av 20 olika namn och f\u00f6rknippat dem med olika egenskaper. Vissa namn sticker ut \u2013 Victoria anses vara mest ambiti\u00f6s, attraktiv och intelligent.<\/p>\n","protected":false},"excerpt":{"rendered":"AI-genererade\u00a0bilder p\u00e5 vice statsminister\u00a0Ebba\u00a0Busch d\u00e4r hon n\u00e4stan \u00e4r naken har cirkulerat p\u00e5 X, n\u00e5got som f\u00e5tt bland andra&hellip;\n","protected":false},"author":2,"featured_media":9350,"comment_status":"","ping_status":"","sticky":false,"template":"","format":"standard","meta":{"footnotes":""},"categories":[5],"tags":[22,23,26,27,17,21,24,25,28,29,15,16,18,34,31,33,32,30,19,20],"class_list":{"0":"post-130996","1":"post","2":"type-post","3":"status-publish","4":"format-standard","5":"has-post-thumbnail","7":"category-rubriker","8":"tag-breaking-news","9":"tag-breakingnews","10":"tag-featured-news","11":"tag-featurednews","12":"tag-headlines","13":"tag-huvudnyheter","14":"tag-latest-news","15":"tag-latestnews","16":"tag-main-news","17":"tag-mainnews","18":"tag-news","19":"tag-nyheter","20":"tag-rubriker","21":"tag-se","22":"tag-svenska","23":"tag-sverige","24":"tag-sweden","25":"tag-swedish","26":"tag-top-stories","27":"tag-topstories"},"share_on_mastodon":{"url":"https:\/\/pubeurope.com\/@se\/115866540590821214","error":""},"_links":{"self":[{"href":"https:\/\/www.europesays.com\/se\/wp-json\/wp\/v2\/posts\/130996","targetHints":{"allow":["GET"]}}],"collection":[{"href":"https:\/\/www.europesays.com\/se\/wp-json\/wp\/v2\/posts"}],"about":[{"href":"https:\/\/www.europesays.com\/se\/wp-json\/wp\/v2\/types\/post"}],"author":[{"embeddable":true,"href":"https:\/\/www.europesays.com\/se\/wp-json\/wp\/v2\/users\/2"}],"replies":[{"embeddable":true,"href":"https:\/\/www.europesays.com\/se\/wp-json\/wp\/v2\/comments?post=130996"}],"version-history":[{"count":0,"href":"https:\/\/www.europesays.com\/se\/wp-json\/wp\/v2\/posts\/130996\/revisions"}],"wp:featuredmedia":[{"embeddable":true,"href":"https:\/\/www.europesays.com\/se\/wp-json\/wp\/v2\/media\/9350"}],"wp:attachment":[{"href":"https:\/\/www.europesays.com\/se\/wp-json\/wp\/v2\/media?parent=130996"}],"wp:term":[{"taxonomy":"category","embeddable":true,"href":"https:\/\/www.europesays.com\/se\/wp-json\/wp\/v2\/categories?post=130996"},{"taxonomy":"post_tag","embeddable":true,"href":"https:\/\/www.europesays.com\/se\/wp-json\/wp\/v2\/tags?post=130996"}],"curies":[{"name":"wp","href":"https:\/\/api.w.org\/{rel}","templated":true}]}}