{"id":131020,"date":"2026-01-09T19:00:19","date_gmt":"2026-01-09T19:00:19","guid":{"rendered":"https:\/\/www.europesays.com\/se\/131020\/"},"modified":"2026-01-09T19:00:19","modified_gmt":"2026-01-09T19:00:19","slug":"avanzas-tidigare-vd-foreslas-som-nyval-till-styrelsen-i-swedbank","status":"publish","type":"post","link":"https:\/\/www.europesays.com\/se\/131020\/","title":{"rendered":"Avanzas tidigare VD f\u00f6resl\u00e5s som nyval till styrelsen i Swedbank"},"content":{"rendered":"<p class=\"font-sans text-base text-text-main dark:text-text-main-dark font-normal leading-[1.4]\"> Han har l\u00e5ng erfarenhet av bank- och finansbranschen och har tidigare varit vd f\u00f6r Avanza och L\u00e4nsf\u00f6rs\u00e4kringar Bank, samt haft ett flertal befattningar inom SEB.<\/p>\n<p>Styrelseledamoten Hans Eckerstr\u00f6m avb\u00f6jer omval.<\/p>\n<p>Omval f\u00f6resl\u00e5s av ordf\u00f6rande G\u00f6ran Persson samt ledam\u00f6terna G\u00f6ran Bengtsson, Annika Creutzer, Kerstin Hermansson, Helena Liljedahl, Anna Mossberg, Per Olof Nyman, Biljana Pehrsson, Bi\u00f6rn Riese och Rasmus Roos.<\/p>\n","protected":false},"excerpt":{"rendered":"Han har l\u00e5ng erfarenhet av bank- och finansbranschen och har tidigare varit vd f\u00f6r Avanza och L\u00e4nsf\u00f6rs\u00e4kringar Bank,&hellip;\n","protected":false},"author":2,"featured_media":119816,"comment_status":"","ping_status":"","sticky":false,"template":"","format":"standard","meta":{"footnotes":""},"categories":[65],"tags":[72,70,71,34,31,33,2066,32,30],"class_list":{"0":"post-131020","1":"post","2":"type-post","3":"status-publish","4":"format-standard","5":"has-post-thumbnail","7":"category-ekonomi","8":"tag-business","9":"tag-economy","10":"tag-ekonomi","11":"tag-se","12":"tag-svenska","13":"tag-sverige","14":"tag-swedbank","15":"tag-sweden","16":"tag-swedish"},"share_on_mastodon":{"url":"https:\/\/pubeurope.com\/@se\/115866686099779698","error":""},"_links":{"self":[{"href":"https:\/\/www.europesays.com\/se\/wp-json\/wp\/v2\/posts\/131020","targetHints":{"allow":["GET"]}}],"collection":[{"href":"https:\/\/www.europesays.com\/se\/wp-json\/wp\/v2\/posts"}],"about":[{"href":"https:\/\/www.europesays.com\/se\/wp-json\/wp\/v2\/types\/post"}],"author":[{"embeddable":true,"href":"https:\/\/www.europesays.com\/se\/wp-json\/wp\/v2\/users\/2"}],"replies":[{"embeddable":true,"href":"https:\/\/www.europesays.com\/se\/wp-json\/wp\/v2\/comments?post=131020"}],"version-history":[{"count":0,"href":"https:\/\/www.europesays.com\/se\/wp-json\/wp\/v2\/posts\/131020\/revisions"}],"wp:featuredmedia":[{"embeddable":true,"href":"https:\/\/www.europesays.com\/se\/wp-json\/wp\/v2\/media\/119816"}],"wp:attachment":[{"href":"https:\/\/www.europesays.com\/se\/wp-json\/wp\/v2\/media?parent=131020"}],"wp:term":[{"taxonomy":"category","embeddable":true,"href":"https:\/\/www.europesays.com\/se\/wp-json\/wp\/v2\/categories?post=131020"},{"taxonomy":"post_tag","embeddable":true,"href":"https:\/\/www.europesays.com\/se\/wp-json\/wp\/v2\/tags?post=131020"}],"curies":[{"name":"wp","href":"https:\/\/api.w.org\/{rel}","templated":true}]}}