{"id":131021,"date":"2026-01-09T19:03:07","date_gmt":"2026-01-09T19:03:07","guid":{"rendered":"https:\/\/www.europesays.com\/se\/131021\/"},"modified":"2026-01-09T19:03:07","modified_gmt":"2026-01-09T19:03:07","slug":"shl-forandringar-i-ledarstaben-farjestad-bk","status":"publish","type":"post","link":"https:\/\/www.europesays.com\/se\/131021\/","title":{"rendered":"SHL: F\u00f6r\u00e4ndringar i ledarstaben | F\u00e4rjestad BK"},"content":{"rendered":"<p><img decoding=\"async\" src=\"https:\/\/www.europesays.com\/se\/wp-content\/uploads\/2025\/08\/error-b0945c17.png\" data- class=\"lazyload blur-up z-0\" style=\"\" alt=\"\" width=\"100%\" height=\"auto\" data-v-9e7f635d=\"\"\/><\/p>\n<p>SHL-truppen<\/p>\n<p class=\"article-intro\" data-v-7040d6fb=\"\">F\u00e4rjestad BK f\u00f6r\u00e4ndrar ledarstaben kring SHL-laget. J\u00f6rgen J\u00f6nsson l\u00e4mnar uppdraget och Christer Olsson tar \u00f6ver ansvaret som huvudtr\u00e4nare.<br \/>\u2013 Jag har den yttersta respekt f\u00f6r J\u00f6rgen J\u00f6nsson. Men vi \u00e4r i en resultatbaserad bransch, och d\u00e4r vi nu ser det som n\u00f6dv\u00e4ndigt att g\u00f6ra f\u00f6r\u00e4ndringar f\u00f6r lagets b\u00e4sta, s\u00e4ger sportdirekt\u00f6r Rickard Wallin.<\/p>\n<p class=\"paragraph text-left\"> \u2013 F\u00f6r\u00e4ndringen kommer efter en h\u00f6st d\u00e4r vi tycker att vi har potential att vara p\u00e5 en helt annan plats b\u00e5de tabellm\u00e4ssigt och spelm\u00e4ssigt \u00e4n d\u00e4r vi \u00e4r idag. Vi vill ge laget b\u00e4sta m\u00f6jliga f\u00f6ruts\u00e4ttningar att n\u00e5 sin fulla potential, och vi k\u00e4nner att den h\u00e4r f\u00f6r\u00e4ndringen \u00e4r ett led i det. Jag personligen, och F\u00e4rjestad BK som klubb, har den yttersta respekten f\u00f6r J\u00f6rgen J\u00f6nsson. Men vi har gjort en samlad bed\u00f6mning av l\u00e4get och landat i det h\u00e4r beslutet, ett tr\u00e5kigt beslut f\u00f6r alla inblandade. V\u00e5rt fokus nu ligger p\u00e5 laget, n\u00e4sta match och det jobb vi gemensamt har att g\u00f6ra fram\u00f6ver, s\u00e4ger Rickard Wallin.\n <\/p>\n<p class=\"paragraph text-left\">\nHuvudansvaret tas nu \u00f6ver av Christer Olsson.<br \/>\u2013 Jag tar uppdraget med stor \u00f6dmjukhet och har fullt fokus p\u00e5 laget. Vi ska forts\u00e4tta bygga p\u00e5 den styrka som finns i det h\u00e4r g\u00e4nget och jobba h\u00e5rt f\u00f6r att ta n\u00e4sta steg, s\u00e4ger Olsson som f\u00e5r med sig ett nytt namn i b\u00e5set.<br \/>\nOle-Kristian Tollefsen l\u00e4mnar sitt uppdrag som assisterande i J20-laget och tar samma position, fast nu p\u00e5 a-lagsb\u00e4nken.  <\/p>\n<p class=\"paragraph text-left\"> Mikael Karlberg, Daniel Hansen och Erik Granqvist \u00e4r fortsatt del i teamet. <\/p>\n","protected":false},"excerpt":{"rendered":"SHL-truppen F\u00e4rjestad BK f\u00f6r\u00e4ndrar ledarstaben kring SHL-laget. J\u00f6rgen J\u00f6nsson l\u00e4mnar uppdraget och Christer Olsson tar \u00f6ver ansvaret som&hellip;\n","protected":false},"author":2,"featured_media":131022,"comment_status":"","ping_status":"","sticky":false,"template":"","format":"standard","meta":{"footnotes":""},"categories":[5],"tags":[22,23,26,27,17,21,24,25,28,29,15,16,18,34,31,33,32,30,19,20],"class_list":{"0":"post-131021","1":"post","2":"type-post","3":"status-publish","4":"format-standard","5":"has-post-thumbnail","7":"category-rubriker","8":"tag-breaking-news","9":"tag-breakingnews","10":"tag-featured-news","11":"tag-featurednews","12":"tag-headlines","13":"tag-huvudnyheter","14":"tag-latest-news","15":"tag-latestnews","16":"tag-main-news","17":"tag-mainnews","18":"tag-news","19":"tag-nyheter","20":"tag-rubriker","21":"tag-se","22":"tag-svenska","23":"tag-sverige","24":"tag-sweden","25":"tag-swedish","26":"tag-top-stories","27":"tag-topstories"},"share_on_mastodon":{"url":"https:\/\/pubeurope.com\/@se\/115866697963757475","error":""},"_links":{"self":[{"href":"https:\/\/www.europesays.com\/se\/wp-json\/wp\/v2\/posts\/131021","targetHints":{"allow":["GET"]}}],"collection":[{"href":"https:\/\/www.europesays.com\/se\/wp-json\/wp\/v2\/posts"}],"about":[{"href":"https:\/\/www.europesays.com\/se\/wp-json\/wp\/v2\/types\/post"}],"author":[{"embeddable":true,"href":"https:\/\/www.europesays.com\/se\/wp-json\/wp\/v2\/users\/2"}],"replies":[{"embeddable":true,"href":"https:\/\/www.europesays.com\/se\/wp-json\/wp\/v2\/comments?post=131021"}],"version-history":[{"count":0,"href":"https:\/\/www.europesays.com\/se\/wp-json\/wp\/v2\/posts\/131021\/revisions"}],"wp:featuredmedia":[{"embeddable":true,"href":"https:\/\/www.europesays.com\/se\/wp-json\/wp\/v2\/media\/131022"}],"wp:attachment":[{"href":"https:\/\/www.europesays.com\/se\/wp-json\/wp\/v2\/media?parent=131021"}],"wp:term":[{"taxonomy":"category","embeddable":true,"href":"https:\/\/www.europesays.com\/se\/wp-json\/wp\/v2\/categories?post=131021"},{"taxonomy":"post_tag","embeddable":true,"href":"https:\/\/www.europesays.com\/se\/wp-json\/wp\/v2\/tags?post=131021"}],"curies":[{"name":"wp","href":"https:\/\/api.w.org\/{rel}","templated":true}]}}