{"id":131029,"date":"2026-01-09T19:11:08","date_gmt":"2026-01-09T19:11:08","guid":{"rendered":"https:\/\/www.europesays.com\/se\/131029\/"},"modified":"2026-01-09T19:11:08","modified_gmt":"2026-01-09T19:11:08","slug":"ytterligare-atgarder-for-att-mota-hybridhotet","status":"publish","type":"post","link":"https:\/\/www.europesays.com\/se\/131029\/","title":{"rendered":"Ytterligare \u00e5tg\u00e4rder f\u00f6r att m\u00f6ta hybridhotet"},"content":{"rendered":"<p>Omv\u00e4rldsl\u00e4get \u00e4r os\u00e4kert. F\u00f6r ett \u00e5r sedan konstaterade statsministern vid Folk och F\u00f6rsvar: \u201dSverige \u00e4r inte i krig. Men det r\u00e5der inte heller fred.\u201d V\u00e5r beredskap pr\u00f6vas allt oftare med metoder som \u00e4r sv\u00e5ra att uppt\u00e4cka och attribuera. Rysslands och andra l\u00e4nders hybridhot mot Sverige och allierade \u00e4r ett betydande problem som kommer att best\u00e5 under \u00f6versk\u00e5dlig tid. Vi och v\u00e5ra grannl\u00e4nder uts\u00e4tts kontinuerligt f\u00f6r hybrida angrepp och regeringen bed\u00f6mer att l\u00e4get kan f\u00f6rv\u00e4rras ytterligare. \u00a0<\/p>\n<p>Hybridhot kan ta olika uttryck. Vi har sett m\u00e5nga exempel som drabbat flera l\u00e4nder: cyberangrepp, sabotage och otillb\u00f6rlig informationsp\u00e5verkan. Men syftet \u00e4r gemensamt: att skapa os\u00e4kerhet, s\u00e5 split mellan l\u00e4nder, undergr\u00e4va f\u00f6rtroendet f\u00f6r det demokratiska samh\u00e4llssystemet och dess f\u00f6retr\u00e4dare, f\u00f6rsvaga tillit och sammanh\u00e5llning i samh\u00e4llet samt minska f\u00f6rsvarsviljan.<\/p>\n<p>Sveriges beredskap mot och hantering av hybridhot m\u00e5ste vara omfattande. Under de senaste \u00e5ren har regeringen tagit flera viktiga steg f\u00f6r att st\u00e4rka v\u00e5r beredskap mot hybridhot. Vi genomf\u00f6r historiska satsningar p\u00e5 totalf\u00f6rsvaret. Vi bygger ett nytt, f\u00f6rst\u00e4rkt nationellt cybers\u00e4kerhetscenter och genomf\u00f6r en historisk miljardsatsning p\u00e5 cybers\u00e4kerhet. Underr\u00e4ttelse- och s\u00e4kerhetstj\u00e4nster har f\u00e5tt kraftigt \u00f6kade resurser.<\/p>\n<p>I v\u00e5r\u00e4ndringsbudgeten f\u00f6r 2025 riktades s\u00e4rskilda medel till centrala akt\u00f6rer f\u00f6r att m\u00f6ta hybridhot i flera dom\u00e4ner. Vi har gett Post- och telestyrelsen uppdrag som syftar till att st\u00e4rka motst\u00e5ndskraften i digital infrastruktur. Vi har uppdragit \u00e5t Kustbevakningen och F\u00f6rsvarsmakten att f\u00f6rdjupa samverkan kring kritisk undervattensinfrastruktur. Vi har st\u00e4rkt och st\u00e4rker ytterligare koordinering och krishanteringsf\u00f6rm\u00e5gan i Regeringskansliet. Inom EU och Nato arbetar vi aktivt f\u00f6r att de hotakt\u00f6rer som bedriver hybridaktiviteter ska betala ett h\u00f6gre pris. V\u00e5r samlade styrka ger effekt och skapar avskr\u00e4ckning.\u00a0<\/p>\n<p>Sverige har med andra ord en god grund att st\u00e5 p\u00e5. Men hybridhotens natur inneb\u00e4r att arbetet aldrig blir klart. V\u00e5r motst\u00e5ndskraft utg\u00f6r grunden f\u00f6r motverkan av hybridhot, men den m\u00e5ste utvecklas \u00f6ver tid och i takt med en f\u00f6r\u00e4nderlig hotbild. D\u00e4rf\u00f6r vidtar regeringen nu ytterligare \u00e5tg\u00e4rder.<\/p>\n<p>F\u00f6r det f\u00f6rsta tar vi fram en nationell strategi f\u00f6r psykologiskt f\u00f6rsvar under 2026. Psykologiskt f\u00f6rsvar handlar b\u00e5de om samh\u00e4llets f\u00f6rm\u00e5ga att st\u00e5 emot otillb\u00f6rlig informationsp\u00e5verkan och om v\u00e5r samlade f\u00f6rsvarsvilja. Myndigheten f\u00f6r psykologiskt f\u00f6rsvar har en central roll, men strategin ska ge riktning f\u00f6r hela samh\u00e4llet \u2013 och bidra till arbetet att motverka bland annat rysk p\u00e5verkan. Ett starkt psykologiskt f\u00f6rsvar \u00e4r angel\u00e4get b\u00e5de f\u00f6r Sveriges s\u00e4kerhet och f\u00f6r vidareutvecklad internationell samverkan.<\/p>\n<p>F\u00f6r det andra har regeringen beslutat om s\u00e4rskilda uppdrag till 14 myndigheter, som har s\u00e4rskilt stor betydelse f\u00f6r Sveriges civila f\u00f6rsvar: de tolv sektorsansvariga beredskapsmyndigheterna samt Kustbevakningen och Myndigheten f\u00f6r psykologiskt f\u00f6rsvar. Myndigheterna ska st\u00e4rka motst\u00e5ndskraften mot hybridhot bland annat genom att s\u00e4kra kontinuerlig l\u00e4gesuppfattning och normalbild. De ska ocks\u00e5 sammanst\u00e4lla och dela \u00f6ppet tillg\u00e4nglig hotinformation med akt\u00f6rer, b\u00e5de offentliga och privata, som bedriver samh\u00e4llsviktig verksamhet. M\u00e5let \u00e4r att incidenter som utg\u00f6r avvikelser fr\u00e5n normalbilden ska kunna uppt\u00e4ckas, rapporteras och bed\u00f6mas mer effektivt \u2013 och att vi ska \u00f6ka f\u00f6rm\u00e5gan att kunna se n\u00e4r enskilda h\u00e4ndelser \u00e4r delar av en samordnad hybridoperation.<\/p>\n<p>Sverige ser vad hotakt\u00f6rerna g\u00f6r. Vi f\u00f6rst\u00e5r syftet, och vi m\u00f6ter, tillsammans med v\u00e5ra allierade, dessa fientliga \u00e5tg\u00e4rder beslutsamt, genomt\u00e4nkt och l\u00e5ngsiktigt. Steg f\u00f6r steg bygger vi ett motst\u00e5ndskraftigt Sverige som klarar morgondagens hot och utmaningar.<\/p>\n<p>Carl-Oskar Bohlin, minister f\u00f6r civilt f\u00f6rsvar<\/p>\n<p>Ebba Busch, energi- och n\u00e4ringsminister<\/p>\n<p>Gunnar Str\u00f6mmer, justitieminister<\/p>\n<p>Jakob Forssmed, socialminister<\/p>\n<p>Peter Kullgren, landsbygdsminister<\/p>\n<p>Benjamin Dousa, bist\u00e5nds- och utrikeshandelsminister<\/p>\n<p>Elisabeth Lann, sjukv\u00e5rdsminister<\/p>\n<p>Niklas Wykman, finansmarknadsminister<\/p>\n<p>Erik Slottner, civilminister<\/p>\n<p>Anna Tenje, \u00e4ldre- och socialf\u00f6rs\u00e4kringsminister<\/p>\n<p>Andreas Carlson, infrastruktur- och bostadsminister<\/p>\n<p>Gulan Avci, f\u00f6rsvarspolitisk talesperson f\u00f6r Liberalerna<\/p>\n","protected":false},"excerpt":{"rendered":"Omv\u00e4rldsl\u00e4get \u00e4r os\u00e4kert. F\u00f6r ett \u00e5r sedan konstaterade statsministern vid Folk och F\u00f6rsvar: \u201dSverige \u00e4r inte i krig.&hellip;\n","protected":false},"author":2,"featured_media":67452,"comment_status":"","ping_status":"","sticky":false,"template":"","format":"standard","meta":{"footnotes":""},"categories":[5],"tags":[22,23,26,27,17,21,24,25,28,29,15,16,18,34,31,33,32,30,19,20],"class_list":{"0":"post-131029","1":"post","2":"type-post","3":"status-publish","4":"format-standard","5":"has-post-thumbnail","7":"category-rubriker","8":"tag-breaking-news","9":"tag-breakingnews","10":"tag-featured-news","11":"tag-featurednews","12":"tag-headlines","13":"tag-huvudnyheter","14":"tag-latest-news","15":"tag-latestnews","16":"tag-main-news","17":"tag-mainnews","18":"tag-news","19":"tag-nyheter","20":"tag-rubriker","21":"tag-se","22":"tag-svenska","23":"tag-sverige","24":"tag-sweden","25":"tag-swedish","26":"tag-top-stories","27":"tag-topstories"},"share_on_mastodon":{"url":"https:\/\/pubeurope.com\/@se\/115866729347976000","error":""},"_links":{"self":[{"href":"https:\/\/www.europesays.com\/se\/wp-json\/wp\/v2\/posts\/131029","targetHints":{"allow":["GET"]}}],"collection":[{"href":"https:\/\/www.europesays.com\/se\/wp-json\/wp\/v2\/posts"}],"about":[{"href":"https:\/\/www.europesays.com\/se\/wp-json\/wp\/v2\/types\/post"}],"author":[{"embeddable":true,"href":"https:\/\/www.europesays.com\/se\/wp-json\/wp\/v2\/users\/2"}],"replies":[{"embeddable":true,"href":"https:\/\/www.europesays.com\/se\/wp-json\/wp\/v2\/comments?post=131029"}],"version-history":[{"count":0,"href":"https:\/\/www.europesays.com\/se\/wp-json\/wp\/v2\/posts\/131029\/revisions"}],"wp:featuredmedia":[{"embeddable":true,"href":"https:\/\/www.europesays.com\/se\/wp-json\/wp\/v2\/media\/67452"}],"wp:attachment":[{"href":"https:\/\/www.europesays.com\/se\/wp-json\/wp\/v2\/media?parent=131029"}],"wp:term":[{"taxonomy":"category","embeddable":true,"href":"https:\/\/www.europesays.com\/se\/wp-json\/wp\/v2\/categories?post=131029"},{"taxonomy":"post_tag","embeddable":true,"href":"https:\/\/www.europesays.com\/se\/wp-json\/wp\/v2\/tags?post=131029"}],"curies":[{"name":"wp","href":"https:\/\/api.w.org\/{rel}","templated":true}]}}