{"id":131034,"date":"2026-01-09T19:20:10","date_gmt":"2026-01-09T19:20:10","guid":{"rendered":"https:\/\/www.europesays.com\/se\/131034\/"},"modified":"2026-01-09T19:20:10","modified_gmt":"2026-01-09T19:20:10","slug":"klader-hittade-bedoms-vara-forsvunnen-kvinnas","status":"publish","type":"post","link":"https:\/\/www.europesays.com\/se\/131034\/","title":{"rendered":"Kl\u00e4der hittade \u2013 bed\u00f6ms vara f\u00f6rsvunnen kvinnas"},"content":{"rendered":"<p class=\"boxtextgrotesk-root_baa6 hyperion-css-7pajle\">Uppdaterad 17.19 | Publicerad 16.07<\/p>\n<p>share-arrowDela<\/p>\n<p>unsaveSpara<\/p>\n<p>expand-left<\/p>\n<p>helsk\u00e4rm<img decoding=\"async\" class=\"image-asset hyperion-css-u06ts1\" data-test-tag=\"image-asset\" src=\"https:\/\/www.europesays.com\/se\/wp-content\/uploads\/2026\/01\/27ce5b6f-6bea-4d71-b2c1-da44c5c6e359.jpeg\"  alt=\"Polisen har letat efter en f\u00f6rsvunnen kvinna sedan i tisdags. Arkivbild.\"  loading=\"eager\" fetchpriority=\"high\" style=\"aspect-ratio:1900 \/ 1252\"\/>Polisen har letat efter en f\u00f6rsvunnen kvinna sedan i tisdags. Arkivbild. Foto: Johan Nilsson\/TT<\/p>\n<p class=\"hyperion-css-1shl3oz\" data-test-tag=\"lead-text\">Polisen inleder en f\u00f6runders\u00f6kning om mord efter det att en 18-\u00e5rig kvinna anm\u00e4lts f\u00f6rsvunnen i Uddevalla.<\/p>\n<p class=\"hyperion-css-1shl3oz\" data-test-tag=\"lead-text\">Kl\u00e4der har hittats som bed\u00f6ms tillh\u00f6ra kvinnan, enligt polisen.<\/p>\n<p class=\"hyperion-css-1v9qo5x\">Kvinnan \u00e4r hemmah\u00f6rande i G\u00f6teborgsomr\u00e5det och polisen s\u00e4ger till TT att de har en bild av vad hon har gjort dagarna f\u00f6re f\u00f6rsvinnandet. Kvinnan s\u00e5gs senast den 6 januari i centrala Uddevalla.<\/p>\n<p class=\"hyperion-css-1v9qo5x\">\u2013 Vi tar det h\u00e4r p\u00e5 v\u00e4ldigt stort allvar och satsar v\u00e4ldigt stora resurser. Vi ser g\u00e4rna att man inkommer med tips, s\u00e4ger Martin \u00d6hman, polisomr\u00e5deschef i V\u00e4stra Fyrbodal.<\/p>\n<p class=\"hyperion-css-1v9qo5x\">Polisen har inlett en s\u00e4rskild h\u00e4ndelse. <a data-test-tag=\"internal-link\" href=\"https:\/\/www.aftonbladet.se\/tagg\/forsvarsmakten\" class=\"hyperion-css-15jkft9\" rel=\"nofollow noopener\" target=\"\" aria-label=\"F\u00f6rsvarsmakten\">F\u00f6rsvarsmakten<\/a> och Missing people \u00e4r inblandade i s\u00f6kinsatsen. Mordutredningen inleds f\u00f6r att kunna bredda s\u00f6kinsatsen och ut\u00f6ka sina befogenheter i s\u00f6kandet, enligt polisen.<\/p>\n<p class=\"hyperion-css-1v9qo5x\">\u2013 Jag vill vara tydlig med att det inte har framkommit n\u00e5got konkret som tyder p\u00e5 att hon har blivit utsatt f\u00f6r ett brott, s\u00e4ger \u00d6hman.<\/p>\n<p class=\"hyperion-css-1v9qo5x\">\u00d6hman s\u00e4ger att han inte kan g\u00e5 in p\u00e5 hur diskussionerna har g\u00e5tt, men s\u00e4ger att mord har bed\u00f6mts vara den mest relevanta brottsrubriceringen.<\/p>\n<p class=\"hyperion-css-1v9qo5x\">I ett omr\u00e5de i terr\u00e4ngen s\u00f6der om Uddevalla har allm\u00e4nheten hittat kl\u00e4der.<\/p>\n<p class=\"hyperion-css-1v9qo5x\">\u2013 Vi bed\u00f6mer det som sannolikt att de tillh\u00f6r henne, s\u00e4ger \u00d6hman.<\/p>\n<p class=\"hyperion-css-1v9qo5x\">Ytterligare resurser har kallats in och s\u00f6kinsatsen forts\u00e4tter. Polisen forts\u00e4tter ocks\u00e5 knacka d\u00f6rr i omr\u00e5det och h\u00e5lla f\u00f6rh\u00f6r. Stora omr\u00e5den kommer att handskottas f\u00f6r att s\u00e4kerst\u00e4lla att inget ligger under sn\u00f6n, enligt polisen.<\/p>\n<p class=\"hyperion-css-1v9qo5x\">\u2013 Det finns olika f\u00f6rem\u00e5l som vi tittar p\u00e5 och ska skicka p\u00e5 unders\u00f6kning, s\u00e4ger \u00d6hman, som inte vill g\u00e5 in p\u00e5 vad det r\u00f6r sig om f\u00f6r f\u00f6rem\u00e5l.<\/p>\n","protected":false},"excerpt":{"rendered":"Uppdaterad 17.19 | Publicerad 16.07 share-arrowDela unsaveSpara expand-left helsk\u00e4rmPolisen har letat efter en f\u00f6rsvunnen kvinna sedan i tisdags.&hellip;\n","protected":false},"author":2,"featured_media":131035,"comment_status":"","ping_status":"","sticky":false,"template":"","format":"standard","meta":{"footnotes":""},"categories":[5],"tags":[22,23,26,27,17,21,24,25,28,29,15,16,18,34,31,33,32,30,19,20],"class_list":{"0":"post-131034","1":"post","2":"type-post","3":"status-publish","4":"format-standard","5":"has-post-thumbnail","7":"category-rubriker","8":"tag-breaking-news","9":"tag-breakingnews","10":"tag-featured-news","11":"tag-featurednews","12":"tag-headlines","13":"tag-huvudnyheter","14":"tag-latest-news","15":"tag-latestnews","16":"tag-main-news","17":"tag-mainnews","18":"tag-news","19":"tag-nyheter","20":"tag-rubriker","21":"tag-se","22":"tag-svenska","23":"tag-sverige","24":"tag-sweden","25":"tag-swedish","26":"tag-top-stories","27":"tag-topstories"},"share_on_mastodon":{"url":"https:\/\/pubeurope.com\/@se\/115866764809509488","error":""},"_links":{"self":[{"href":"https:\/\/www.europesays.com\/se\/wp-json\/wp\/v2\/posts\/131034","targetHints":{"allow":["GET"]}}],"collection":[{"href":"https:\/\/www.europesays.com\/se\/wp-json\/wp\/v2\/posts"}],"about":[{"href":"https:\/\/www.europesays.com\/se\/wp-json\/wp\/v2\/types\/post"}],"author":[{"embeddable":true,"href":"https:\/\/www.europesays.com\/se\/wp-json\/wp\/v2\/users\/2"}],"replies":[{"embeddable":true,"href":"https:\/\/www.europesays.com\/se\/wp-json\/wp\/v2\/comments?post=131034"}],"version-history":[{"count":0,"href":"https:\/\/www.europesays.com\/se\/wp-json\/wp\/v2\/posts\/131034\/revisions"}],"wp:featuredmedia":[{"embeddable":true,"href":"https:\/\/www.europesays.com\/se\/wp-json\/wp\/v2\/media\/131035"}],"wp:attachment":[{"href":"https:\/\/www.europesays.com\/se\/wp-json\/wp\/v2\/media?parent=131034"}],"wp:term":[{"taxonomy":"category","embeddable":true,"href":"https:\/\/www.europesays.com\/se\/wp-json\/wp\/v2\/categories?post=131034"},{"taxonomy":"post_tag","embeddable":true,"href":"https:\/\/www.europesays.com\/se\/wp-json\/wp\/v2\/tags?post=131034"}],"curies":[{"name":"wp","href":"https:\/\/api.w.org\/{rel}","templated":true}]}}