{"id":131038,"date":"2026-01-09T19:25:27","date_gmt":"2026-01-09T19:25:27","guid":{"rendered":"https:\/\/www.europesays.com\/se\/131038\/"},"modified":"2026-01-09T19:25:27","modified_gmt":"2026-01-09T19:25:27","slug":"advokatfirma-hotar-att-stamma-klarna","status":"publish","type":"post","link":"https:\/\/www.europesays.com\/se\/131038\/","title":{"rendered":"Advokatfirma hotar att st\u00e4mma Klarna"},"content":{"rendered":"<p>Den amerikanska advokatbyr\u00e5n Hagens Berman hotar att st\u00e4mma betalj\u00e4tten Klarna i en grupptalan och beg\u00e4ra skadest\u00e5nd till aktie\u00e4garna, enligt ett pressmeddelande. <\/p>\n<p>Advokatfirman menar att Klarna underskattade riskerna i sitt IPO-prospekt kopplat till kreditf\u00f6rluster och menar att det inneh\u00f6ll \u201dvilseledande uppgifter om bolagets kreditmodeller och riskhantering\u201d. <\/p>\n<p>Det ska samtidigt n\u00e4mnas att advokatfirman \u00e5terkommande utreder potentiella felaktigheter p\u00e5 eget bev\u00e5g och f\u00f6rs\u00f6ker hitta aktie\u00e4gare som st\u00e4ller sig bakom grupptalan, skriver DI. <\/p>\n<p>Omni Ekonomi har s\u00f6kt Klarna som inte vill kommentera uppgifterna. <\/p>\n<p>Omni \u00e4r politiskt obundna och oberoende. Vi str\u00e4var efter att ge fler perspektiv p\u00e5 nyheterna. Har du fr\u00e5gor eller synpunkter kring v\u00e5r rapportering? <a href=\"https:\/\/omni.se\/advokatfirma-hotar-att-stamma-klarna-underskattat-risk\/a\/mailto:redaktion@omni.se\" class=\"ArticleActions_contactLink__W2F1M\" rel=\"nofollow noopener\" target=\"_blank\">Kontakta redaktionen<\/a><\/p>\n","protected":false},"excerpt":{"rendered":"Den amerikanska advokatbyr\u00e5n Hagens Berman hotar att st\u00e4mma betalj\u00e4tten Klarna i en grupptalan och beg\u00e4ra skadest\u00e5nd till aktie\u00e4garna,&hellip;\n","protected":false},"author":2,"featured_media":131039,"comment_status":"","ping_status":"","sticky":false,"template":"","format":"standard","meta":{"footnotes":""},"categories":[65],"tags":[338,72,70,71,339,90,34,31,33,32,30],"class_list":{"0":"post-131038","1":"post","2":"type-post","3":"status-publish","4":"format-standard","5":"has-post-thumbnail","7":"category-ekonomi","8":"tag-bank","9":"tag-business","10":"tag-economy","11":"tag-ekonomi","12":"tag-finans-forsakring","13":"tag-klarna","14":"tag-se","15":"tag-svenska","16":"tag-sverige","17":"tag-sweden","18":"tag-swedish"},"share_on_mastodon":{"url":"https:\/\/pubeurope.com\/@se\/115866784378564962","error":""},"_links":{"self":[{"href":"https:\/\/www.europesays.com\/se\/wp-json\/wp\/v2\/posts\/131038","targetHints":{"allow":["GET"]}}],"collection":[{"href":"https:\/\/www.europesays.com\/se\/wp-json\/wp\/v2\/posts"}],"about":[{"href":"https:\/\/www.europesays.com\/se\/wp-json\/wp\/v2\/types\/post"}],"author":[{"embeddable":true,"href":"https:\/\/www.europesays.com\/se\/wp-json\/wp\/v2\/users\/2"}],"replies":[{"embeddable":true,"href":"https:\/\/www.europesays.com\/se\/wp-json\/wp\/v2\/comments?post=131038"}],"version-history":[{"count":0,"href":"https:\/\/www.europesays.com\/se\/wp-json\/wp\/v2\/posts\/131038\/revisions"}],"wp:featuredmedia":[{"embeddable":true,"href":"https:\/\/www.europesays.com\/se\/wp-json\/wp\/v2\/media\/131039"}],"wp:attachment":[{"href":"https:\/\/www.europesays.com\/se\/wp-json\/wp\/v2\/media?parent=131038"}],"wp:term":[{"taxonomy":"category","embeddable":true,"href":"https:\/\/www.europesays.com\/se\/wp-json\/wp\/v2\/categories?post=131038"},{"taxonomy":"post_tag","embeddable":true,"href":"https:\/\/www.europesays.com\/se\/wp-json\/wp\/v2\/tags?post=131038"}],"curies":[{"name":"wp","href":"https:\/\/api.w.org\/{rel}","templated":true}]}}