{"id":131040,"date":"2026-01-09T19:27:06","date_gmt":"2026-01-09T19:27:06","guid":{"rendered":"https:\/\/www.europesays.com\/se\/131040\/"},"modified":"2026-01-09T19:27:06","modified_gmt":"2026-01-09T19:27:06","slug":"trafikolycka-vid-vellinge-e6-avstangd","status":"publish","type":"post","link":"https:\/\/www.europesays.com\/se\/131040\/","title":{"rendered":"Trafikolycka vid Vellinge \u2013 E6 avst\u00e4ngd"},"content":{"rendered":"<p>Larmet kom vid 19:40 om en olycka som intr\u00e4ffat p\u00e5 motorv\u00e4gen vid Vellinge i riktning mot Malm\u00f6.<\/p>\n<p>\u2013 R\u00e4ddningstj\u00e4nsten och ambulans \u00e4r framme vid olycksplatsen. V\u00e4gen ska vara helt avst\u00e4ngd i riktning mot Malm\u00f6, s\u00e4ger Emma Heimdal Teamledare p\u00e5 SOS larmcentral.<\/p>\n<p>Tv\u00e5 personer har f\u00f6rts till sjukhus, meddelar polisen. Skadel\u00e4get \u00e4r oklart. <\/p>\n<p>Texten uppdateras.<\/p>\n","protected":false},"excerpt":{"rendered":"Larmet kom vid 19:40 om en olycka som intr\u00e4ffat p\u00e5 motorv\u00e4gen vid Vellinge i riktning mot Malm\u00f6. \u2013&hellip;\n","protected":false},"author":2,"featured_media":793,"comment_status":"","ping_status":"","sticky":false,"template":"","format":"standard","meta":{"footnotes":""},"categories":[12],"tags":[22,23,26,27,17,21,24,25,28,29,15,16,18,34,31,33,32,30,19,20],"class_list":{"0":"post-131040","1":"post","2":"type-post","3":"status-publish","4":"format-standard","5":"has-post-thumbnail","7":"category-sverige","8":"tag-breaking-news","9":"tag-breakingnews","10":"tag-featured-news","11":"tag-featurednews","12":"tag-headlines","13":"tag-huvudnyheter","14":"tag-latest-news","15":"tag-latestnews","16":"tag-main-news","17":"tag-mainnews","18":"tag-news","19":"tag-nyheter","20":"tag-rubriker","21":"tag-se","22":"tag-svenska","23":"tag-sverige","24":"tag-sweden","25":"tag-swedish","26":"tag-top-stories","27":"tag-topstories"},"share_on_mastodon":{"url":"https:\/\/pubeurope.com\/@se\/115866792408667798","error":""},"_links":{"self":[{"href":"https:\/\/www.europesays.com\/se\/wp-json\/wp\/v2\/posts\/131040","targetHints":{"allow":["GET"]}}],"collection":[{"href":"https:\/\/www.europesays.com\/se\/wp-json\/wp\/v2\/posts"}],"about":[{"href":"https:\/\/www.europesays.com\/se\/wp-json\/wp\/v2\/types\/post"}],"author":[{"embeddable":true,"href":"https:\/\/www.europesays.com\/se\/wp-json\/wp\/v2\/users\/2"}],"replies":[{"embeddable":true,"href":"https:\/\/www.europesays.com\/se\/wp-json\/wp\/v2\/comments?post=131040"}],"version-history":[{"count":0,"href":"https:\/\/www.europesays.com\/se\/wp-json\/wp\/v2\/posts\/131040\/revisions"}],"wp:featuredmedia":[{"embeddable":true,"href":"https:\/\/www.europesays.com\/se\/wp-json\/wp\/v2\/media\/793"}],"wp:attachment":[{"href":"https:\/\/www.europesays.com\/se\/wp-json\/wp\/v2\/media?parent=131040"}],"wp:term":[{"taxonomy":"category","embeddable":true,"href":"https:\/\/www.europesays.com\/se\/wp-json\/wp\/v2\/categories?post=131040"},{"taxonomy":"post_tag","embeddable":true,"href":"https:\/\/www.europesays.com\/se\/wp-json\/wp\/v2\/tags?post=131040"}],"curies":[{"name":"wp","href":"https:\/\/api.w.org\/{rel}","templated":true}]}}