{"id":131041,"date":"2026-01-09T19:28:07","date_gmt":"2026-01-09T19:28:07","guid":{"rendered":"https:\/\/www.europesays.com\/se\/131041\/"},"modified":"2026-01-09T19:28:07","modified_gmt":"2026-01-09T19:28:07","slug":"den-domde-styckmordaren-leonard-hoglind-byter-tillbaka-sitt-kon","status":"publish","type":"post","link":"https:\/\/www.europesays.com\/se\/131041\/","title":{"rendered":"Den d\u00f6mde styckm\u00f6rdaren Leonard H\u00f6glind byter tillbaka sitt k\u00f6n"},"content":{"rendered":"<p>Publicerad 9 jan 2026 kl 16.20Uppdaterad kl 19.02<\/p>\n<p>Leonard H\u00f6glind \u00e4r d\u00f6md till livstids f\u00e4ngelse f\u00f6r styckmord.<\/p>\n<p>27-\u00e5ringen f\u00f6ddes som biologisk kvinna men bytte juridiskt k\u00f6n under r\u00e4ttsprocessen \u2013 och placerades d\u00e4rf\u00f6r i ett f\u00e4ngelse f\u00f6r m\u00e4n.<\/p>\n<p>Nu har H\u00f6glind bytt juridiskt k\u00f6n igen och flyttas till en anstalt f\u00f6r kvinnor.<\/p>\n<p>Enligt m\u00f6rdaren var det fel att s\u00e4tta henne med f\u00e5ngar med \u201dmanlig psykologi och kriminellt fungerande\u201d.<\/p>\n<p>Senaste nyhetsklippen fr\u00e5n Expressen.<img   alt=\"\"\/><\/p>\n<p>Leonard H\u00f6glind var den som f\u00f6rst erk\u00e4nde i f\u00f6rh\u00f6r.<\/p>\n<p>\u00d6ppna bild i helsk\u00e4rm<img loading=\"lazy\"   alt=\"\"\/><\/p>\n<p>Leonard H\u00f6glind d\u00f6mdes i Blekinge tingsr\u00e4tt som kvinna, men hade hovr\u00e4ttsf\u00f6rhandlingar bytt till manligt juridiskt k\u00f6n.<\/p>\n<p>Foto: PEO M\u00d6LLER \/ KVP<\/p>\n<p>\u00d6ppna bild i helsk\u00e4rm<img loading=\"lazy\"   alt=\"\"\/><\/p>\n<p>Mikael Petersson m\u00f6rdades av sin son och dennes sambo.<\/p>\n<p>Foto: Polisen<\/p>\n<p>\u00d6ppna bild i helsk\u00e4rm<\/p>\n<p>N\u00e4r Leonard H\u00f6glind d\u00f6mdes i Blekinge tingsr\u00e4tt hade 27-\u00e5ringen ett kvinnligt personnummer. Men inf\u00f6r hovr\u00e4ttens dom \u00e4ndrade 27-\u00e5ringen det juridiska k\u00f6net till man.\u00a0<\/p>\n<p>D\u00e4refter placerades m\u00f6rdaren, som \u00e4r f\u00f6dd som biologisk kvinna, p\u00e5 en anstalt f\u00f6r m\u00e4n.<\/p>\n<p>Nu har Leonard H\u00f6glind bytt juridiskt k\u00f6n igen, tillbaka till kvinna, och \u00e4ndrat namn till Leona Svensson, rapporterar <a href=\"https:\/\/www.tv4.se\/artikel\/2Tlpwm9mwEhXoSsft6MipW\/styckmoerdaren-aendrar-tillbaka-sitt-koen-flyttas-till-kvinnofaengelse\" rel=\"nofollow noopener\" target=\"_blank\">TV4 Nyheterna<\/a>.<\/p>\n<p><a href=\"https:\/\/www.expressen.se\/tagg\/organization\/kriminalvarden\/\" class=\"\" rel=\"nofollow noopener\" target=\"_blank\">Kriminalv\u00e5rden<\/a> har sedan dess fattat beslut om att flytta den d\u00f6mda styckm\u00f6rdaren till en en avdelning f\u00f6r kvinnor p\u00e5 samma f\u00e4ngelse, med s\u00e4kerhetsklass 1.<\/p>\n<p>\u201dD\u00e5 Leona Svensson bytt juridiskt k\u00f6n har anstalten initierat fr\u00e5ga om placering p\u00e5 kvinnoavdelning\u201d, st\u00e5r i ett omplaceringsbeslut som Expressen tagit del av.<\/p>\n<p>M\u00f6rdaren: Borde bed\u00f6mas som alla andra kvinnor<\/p>\n<p>Det framg\u00e5r ocks\u00e5 att m\u00f6rdaren tyckte sig vara felaktigt placerad bland manliga f\u00e5ngar.<\/p>\n<p>\u201dHennes s\u00e4rskilda villkor \u00e4r baserade p\u00e5 en man med manlig psykologi och kriminellt fungerande, vilket aldrig st\u00e4mt in p\u00e5 henne\u201d, framg\u00e5r att m\u00f6rdaren tycker.<\/p>\n<p>Efter \u00e5ren i f\u00e4ngelset tycker 27-\u00e5ringen nu att Kriminalv\u00e5rden borde ha \u201dhunnit f\u00e5 en v\u00e4l avv\u00e4gd bild av henne\u201d.<\/p>\n<p>\u201dNu n\u00e4r hennes juridiska k\u00f6n \u00e4r tillbaka\u00e4ndrat till kvinna borde hon bli bed\u00f6md p\u00e5 samma s\u00e4tt som alla andra kvinnor med liknande fungerande, problematik och kriminell bakgrund\u201d, heter det i dokument Expressen tagit del av.<\/p>\n<p>Hittades p\u00e5 obebodd \u00f6<\/p>\n<p>Mikael Petersson f\u00f6rsvann i Karlskrona i juli 2020. Kort efter mordet riktades misstankarna mot Mikaels son Anatoliy Petersson och dennes partner Leonard H\u00f6glind.\u00a0<\/p>\n<p>Men det dr\u00f6jde flera m\u00e5nader innan de tv\u00e5 misst\u00e4nkta b\u00f6rjade prata. D\u00e5 kunde Mikael Peterssons kropp hittas, nedgr\u00e4vd p\u00e5 en obebodd \u00f6 i Karlskronas sk\u00e4rg\u00e5rd.<\/p>\n<p><img loading=\"lazy\"   alt=\"\"\/><\/p>\n<p>Anatoliy Petersson i Blekinge tingsr\u00e4tt.<\/p>\n<p>Foto: JENS CHRISTIAN<\/p>\n<p>\u00d6ppna bild i helsk\u00e4rmEkonomiskt motiv<\/p>\n<p>De tv\u00e5 unga m\u00e4nnen ber\u00e4ttade i f\u00f6rh\u00f6r hur de planerat att d\u00f6da Mikael, hur de tillsammans slog ihj\u00e4l honom i hans egen l\u00e4genhet och hur de dagarna efter mordet styckade och gjorde sig av med kroppen.<\/p>\n<p><img loading=\"lazy\"   alt=\"\"\/><\/p>\n<p>Mikael Peterssons kropp hittades nedgr\u00e4vd p\u00e5 Var\u00f6 utanf\u00f6r Karlskrona.<\/p>\n<p>\u00d6ppna bild i helsk\u00e4rm<\/p>\n<p>Motivet till mordet var enligt domen till viss del ekonomiska.\u00a0<\/p>\n<p>I utredningen framkom \u00e4ven uppgifter om hur Anatoliy Petersson och Leonard H\u00f6glind under l\u00e4ngre tid virat in sig i en fantasiv\u00e4rld av l\u00f6gner d\u00e4r Mikael Petersson utpekats som ett hot mot de tv\u00e5.<\/p>\n<p>B\u00e5da tv\u00e5 <a href=\"https:\/\/www.expressen.se\/kvallsposten\/anatoliy-petersson-vill-ha-mildare-straff\/\" rel=\"nofollow noopener\" target=\"_blank\">d\u00f6mdes till livstids f\u00e4ngelse i hovr\u00e4tten.\u00a0<\/a><\/p>\n<p><strong>L\u00c4S MER: <\/strong><a href=\"https:\/\/www.expressen.se\/kvallsposten\/krim\/hd-beviljar-inte-provning-i-styckmordet-pa-mikael\/\" class=\"\" rel=\"nofollow noopener\" target=\"_blank\">HD beviljar inte pr\u00f6vning i styckmordet p\u00e5 Mikael<\/a><\/p>\n","protected":false},"excerpt":{"rendered":"Publicerad 9 jan 2026 kl 16.20Uppdaterad kl 19.02 Leonard H\u00f6glind \u00e4r d\u00f6md till livstids f\u00e4ngelse f\u00f6r styckmord. 27-\u00e5ringen&hellip;\n","protected":false},"author":2,"featured_media":131042,"comment_status":"","ping_status":"","sticky":false,"template":"","format":"standard","meta":{"footnotes":""},"categories":[5],"tags":[22,23,26,27,17,21,24,25,28,29,15,16,3472,18,34,666,31,33,32,30,19,1153,436,20],"class_list":{"0":"post-131041","1":"post","2":"type-post","3":"status-publish","4":"format-standard","5":"has-post-thumbnail","7":"category-rubriker","8":"tag-breaking-news","9":"tag-breakingnews","10":"tag-featured-news","11":"tag-featurednews","12":"tag-headlines","13":"tag-huvudnyheter","14":"tag-latest-news","15":"tag-latestnews","16":"tag-main-news","17":"tag-mainnews","18":"tag-news","19":"tag-nyheter","20":"tag-organization-kriminalvarden","21":"tag-rubriker","22":"tag-se","23":"tag-sections-krim","24":"tag-svenska","25":"tag-sverige","26":"tag-sweden","27":"tag-swedish","28":"tag-top-stories","29":"tag-topic-kriminalvard-fangelse","30":"tag-topic-valdsbrott-mord","31":"tag-topstories"},"share_on_mastodon":{"url":"https:\/\/pubeurope.com\/@se\/115866796189666182","error":""},"_links":{"self":[{"href":"https:\/\/www.europesays.com\/se\/wp-json\/wp\/v2\/posts\/131041","targetHints":{"allow":["GET"]}}],"collection":[{"href":"https:\/\/www.europesays.com\/se\/wp-json\/wp\/v2\/posts"}],"about":[{"href":"https:\/\/www.europesays.com\/se\/wp-json\/wp\/v2\/types\/post"}],"author":[{"embeddable":true,"href":"https:\/\/www.europesays.com\/se\/wp-json\/wp\/v2\/users\/2"}],"replies":[{"embeddable":true,"href":"https:\/\/www.europesays.com\/se\/wp-json\/wp\/v2\/comments?post=131041"}],"version-history":[{"count":0,"href":"https:\/\/www.europesays.com\/se\/wp-json\/wp\/v2\/posts\/131041\/revisions"}],"wp:featuredmedia":[{"embeddable":true,"href":"https:\/\/www.europesays.com\/se\/wp-json\/wp\/v2\/media\/131042"}],"wp:attachment":[{"href":"https:\/\/www.europesays.com\/se\/wp-json\/wp\/v2\/media?parent=131041"}],"wp:term":[{"taxonomy":"category","embeddable":true,"href":"https:\/\/www.europesays.com\/se\/wp-json\/wp\/v2\/categories?post=131041"},{"taxonomy":"post_tag","embeddable":true,"href":"https:\/\/www.europesays.com\/se\/wp-json\/wp\/v2\/tags?post=131041"}],"curies":[{"name":"wp","href":"https:\/\/api.w.org\/{rel}","templated":true}]}}