{"id":131046,"date":"2026-01-09T19:35:30","date_gmt":"2026-01-09T19:35:30","guid":{"rendered":"https:\/\/www.europesays.com\/se\/131046\/"},"modified":"2026-01-09T19:35:30","modified_gmt":"2026-01-09T19:35:30","slug":"sjukskoterska-barn-och-ungdomspsykiatri-region-kalmar-lan","status":"publish","type":"post","link":"https:\/\/www.europesays.com\/se\/131046\/","title":{"rendered":"Sjuksk\u00f6terska barn- och ungdomspsykiatri | Region Kalmar L\u00e4n"},"content":{"rendered":"<p>                <img decoding=\"async\" alt=\"bild f\u00f6r annons Sjuksk\u00f6terska barn- och ungdomspsykiatri\" src=\"https:\/\/www.europesays.com\/se\/wp-content\/uploads\/2025\/12\/ff7b034731826d976050d04cc0844978.png\" class=\"mainimage\"\/><\/p>\n<p class=\"introduction\">\n            Psykiatrif\u00f6rvaltningen\n        <\/p>\n<p><strong>Vill du vara med och utveckla barn- och ungdomspsykiatrin, BUP, i Kalmar l\u00e4n? D\u00e5 kan vi erbjuda dig ett stimulerande och utvecklande arbete som sjuksk\u00f6terska p\u00e5 BUP-mottagningen i Kalmar!<br \/><\/strong>Hos oss f\u00e5r du ett jobb som ger mycket tillbaka. Du blir en del av ett tv\u00e4rprofessionellt team med l\u00e4kare, psykologer, sjuksk\u00f6terskor, socionomer, arbetsterapeuter, sjukgymnaster och sekreterare. Du kommer sj\u00e4lvst\u00e4ndigt och i teamet arbeta med medicinuppf\u00f6ljningar, f\u00f6r\u00e4ldrautbildning, f\u00f6r\u00e4ldrast\u00f6d och v\u00e5rdplanering f\u00f6r de barn och unga som s\u00f6ker sig till oss. S\u00f6korsak kan vara \u00e5ngest, nedst\u00e4mdhet eller beteendeproblematik. Fokus kommer att ligga p\u00e5 h\u00e4lsa och h\u00e4lsobefr\u00e4mjande insatser. I din roll \u00e4r samverkan med skola, socialtj\u00e4nst och v\u00e5rdgrannar viktiga delar.<br \/>BUP befinner sig just nu i en f\u00f6r\u00e4ndring. En \u00f6kning av den psykiska oh\u00e4lsan bland barn och ungdomar har under de senaste \u00e5ren inneburit ett stort s\u00f6ktryck, s\u00e5v\u00e4l i Kalmar l\u00e4n som i hela landet.<br \/>Vi vill att du ska lyckas och du kommer att erbjudas fortbildning och kompetensutveckling. Vi har f\u00f6rm\u00e5ner som flextid, friskv\u00e5rdsbidrag samt extra semesterdagar n\u00e4r du har fyllt 40 \u00e5r och 50 \u00e5r.\u00a0\u00a0<\/p>\n<p><strong>Om dig<\/strong><\/p>\n<p>Du som s\u00f6ker \u00e4r legitimerad sjuksk\u00f6terska och det \u00e4r krav med B-k\u00f6rkort. Det \u00e4r meriterande med specialistutbildning inom psykiatri. Vidare \u00e4r det meriterande med arbetslivserfarenhet av kliniskt arbete med barn, ungdomar och deras familjer och\/eller steg 1-utbildning i psykoterapi.<br \/>Som person \u00e4r du igenk\u00e4nnande, trygg och lyh\u00f6rd \u2013 du har f\u00f6rm\u00e5gan att m\u00f6ta barn och ungdomar i sv\u00e5ra situationer med empati, gott bem\u00f6tande och professionalism. Du ser vikten i att bygga och beh\u00e5lla goda relationer med patienter och patientens familj. <br \/>Vi ser g\u00e4rna att du \u00e4r van vid att arbeta b\u00e5de sj\u00e4lvst\u00e4ndigt och i team samt gillar kombinationen av barn\/ungdomar och psykiatri.<br \/>Som person \u00e4r \u00e4r du engagerad med stort intresse f\u00f6r utveckling och l\u00e4rande. Du ser v\u00e4rdet av ett gott samarbete och trivs med att dela med dig och ta emot nya kunskaper och erfarenheter. Ditt engagemang, samarbetsf\u00f6rm\u00e5ga och din positiva inst\u00e4llning bidrar till ett bra arbetsklimat d\u00e4r vi alla hj\u00e4lps \u00e5t och samarbetar f\u00f6r att n\u00e5 b\u00e4sta behandlingskvalitet f\u00f6r v\u00e5ra patienter.<br \/>Vi kommer att f\u00e4sta stor vikt vid dina personliga egenskaper, f\u00f6r att b\u00e5de du och vi ska trivas med att arbeta tillsammans.<strong>\u00a0<\/strong><\/p>\n<p><strong>Din framtida arbetsplats<\/strong><\/p>\n<p>Du kommer att arbeta i nya och moderna lokaler anpassade f\u00f6r specialistpsykiatrin. Lokalerna bidrar till en b\u00e4ttre samordning f\u00f6r psykiatrins verksamheter och en god arbetsmilj\u00f6 f\u00f6r dig. BUP best\u00e5r av heldygnsv\u00e5rd och akutavdelning som finns i Kalmar och \u00f6ppenv\u00e5rdsmottagningar i V\u00e4stervik, Kalmar samt Oskarshamn. \u00c4tst\u00f6rningsenheternas mottagningar hittar du i Kalmar och V\u00e4stervik. Vill du f\u00e5 en inblick i hur det \u00e4r att arbeta hos oss och varf\u00f6r v\u00e5ra medarbetare trivs i psykiatrin? L\u00e4s mer h\u00e4r:\u00a0<a href=\"https:\/\/regionkalmar.se\/jobb-och-karriar\/att-jobba-hos-oss\/yrken-och-arbetsplatser\/halso--och-sjukvard\/jobba-inom-psykiatrin\/\" rel=\"nofollow noopener\" target=\"_blank\">Arbeta inom psykiatrin | Region Kalmar L\u00e4n<\/a><\/p>\n<p>Vi ing\u00e5r i psykiatrif\u00f6rvaltningen i Region Kalmar l\u00e4n. Inom f\u00f6rvaltningen arbetar totalt 600 medarbetare med specialistpsykiatrisk v\u00e5rd f\u00f6r vuxna, barn- och ungdomar, r\u00e4ttspsykiatrisk v\u00e5rd samt rehabiliteringsv\u00e5rd. Vi arbetar utifr\u00e5n visionen: En specialistpsykiatri i framkant.<\/p>\n<p>Region Kalmar l\u00e4n ansvarar f\u00f6r h\u00e4lso- och sjukv\u00e5rd, tandv\u00e5rd, folkh\u00f6gskolor, kultur, kollektivtrafik och regional utveckling.<br \/>Vi \u00e4r \u00f6ver 7 000 medarbetare som alla jobbar tillsammans f\u00f6r ett friskare, tryggare och rikare liv f\u00f6r l\u00e4nets inv\u00e5nare. Hos oss f\u00e5r du m\u00e5nga f\u00f6rm\u00e5ner och ett av Sveriges b\u00e4sta kollektivavtal. Vi m\u00f6ter m\u00e4nniskor i livets alla skeden och har ett meningsfullt och utvecklande arbete \u2013 varje dag.<\/p>\n<p><a href=\"https:\/\/regionkalmar.se\/jobb-och-karriar\/att-jobba-hos-oss\/\" rel=\"nofollow noopener\" target=\"_blank\">L\u00e4s mer om att arbeta i Region Kalmar l\u00e4n<\/a><\/p>\n<p>Region Kalmar l\u00e4n erbjuder alla medarbetare en anst\u00e4llning p\u00e5 100%. Om du arbetar deltid men \u00f6nskar arbeta heltid kan ut\u00f6kning av tj\u00e4nst erbjudas vid annan arbetsplats.<\/p>\n<p>Vi vill att du bifogar CV, personligt brev och f\u00f6r tj\u00e4nsten relevanta utbildningsbevis till din ans\u00f6kan. F\u00f6r att kvalitetss\u00e4kra rekryteringsprocessen i Region Kalmar l\u00e4n vill vi att du s\u00f6ker tj\u00e4nsten i v\u00e5rt rekryteringssystem och inte via e-post eller i pappersformat.<\/p>\n<p>Vi tar g\u00e4rna emot samtal fr\u00e5n dig som \u00e4r intresserad av jobbet men tackar nej till dig som s\u00e4ljer annonser och rekryteringstj\u00e4nster.<\/p>\n<p>            Om tj\u00e4nsten<\/p>\n<p>Referensnummer:2026\/11<\/p>\n<p>Placering\/enhet:Psykiatrif\u00f6rvaltningen<\/p>\n<p>Anst\u00e4llningsform:Tillsvidareanst\u00e4llning<\/p>\n<p>Anst\u00e4llningstid:Tillsvidare<\/p>\n<p>Syssels\u00e4ttningsgrad:Heltid  100%<\/p>\n<p>\n                Tilltr\u00e4de:Efter \u00f6verenskommelse<\/p>\n<p>L\u00f6n:Vi till\u00e4mpar individuell l\u00f6nes\u00e4ttning  <\/p>\n<p>Ans\u00f6k senast:2026-02-01<\/p>\n<p>Om du beh\u00f6ver hj\u00e4lp kan du kontakta v\u00e5r <a href=\"https:\/\/regionkalmar.se\/jobb-och-karriar\/sok-lediga-jobb\/sjukskoterska-barn--och-ungdomspsykiatri3\/mailto:support@varbi.com\" rel=\"nofollow noopener\" target=\"_blank\">support.<\/a><\/p>\n<p>Telefon: 0520-58 00 50<\/p>\n<p>Telefontid vardagar 08:30-12:00 och 13:00-16:30<\/p>\n","protected":false},"excerpt":{"rendered":"Psykiatrif\u00f6rvaltningen Vill du vara med och utveckla barn- och ungdomspsykiatrin, BUP, i Kalmar l\u00e4n? D\u00e5 kan vi erbjuda&hellip;\n","protected":false},"author":2,"featured_media":94100,"comment_status":"","ping_status":"","sticky":false,"template":"","format":"standard","meta":{"footnotes":""},"categories":[12],"tags":[22,23,26,27,17,21,24,25,28,29,15,16,18,34,31,33,32,30,19,20],"class_list":{"0":"post-131046","1":"post","2":"type-post","3":"status-publish","4":"format-standard","5":"has-post-thumbnail","7":"category-sverige","8":"tag-breaking-news","9":"tag-breakingnews","10":"tag-featured-news","11":"tag-featurednews","12":"tag-headlines","13":"tag-huvudnyheter","14":"tag-latest-news","15":"tag-latestnews","16":"tag-main-news","17":"tag-mainnews","18":"tag-news","19":"tag-nyheter","20":"tag-rubriker","21":"tag-se","22":"tag-svenska","23":"tag-sverige","24":"tag-sweden","25":"tag-swedish","26":"tag-top-stories","27":"tag-topstories"},"share_on_mastodon":{"url":"https:\/\/pubeurope.com\/@se\/115866823859789453","error":""},"_links":{"self":[{"href":"https:\/\/www.europesays.com\/se\/wp-json\/wp\/v2\/posts\/131046","targetHints":{"allow":["GET"]}}],"collection":[{"href":"https:\/\/www.europesays.com\/se\/wp-json\/wp\/v2\/posts"}],"about":[{"href":"https:\/\/www.europesays.com\/se\/wp-json\/wp\/v2\/types\/post"}],"author":[{"embeddable":true,"href":"https:\/\/www.europesays.com\/se\/wp-json\/wp\/v2\/users\/2"}],"replies":[{"embeddable":true,"href":"https:\/\/www.europesays.com\/se\/wp-json\/wp\/v2\/comments?post=131046"}],"version-history":[{"count":0,"href":"https:\/\/www.europesays.com\/se\/wp-json\/wp\/v2\/posts\/131046\/revisions"}],"wp:featuredmedia":[{"embeddable":true,"href":"https:\/\/www.europesays.com\/se\/wp-json\/wp\/v2\/media\/94100"}],"wp:attachment":[{"href":"https:\/\/www.europesays.com\/se\/wp-json\/wp\/v2\/media?parent=131046"}],"wp:term":[{"taxonomy":"category","embeddable":true,"href":"https:\/\/www.europesays.com\/se\/wp-json\/wp\/v2\/categories?post=131046"},{"taxonomy":"post_tag","embeddable":true,"href":"https:\/\/www.europesays.com\/se\/wp-json\/wp\/v2\/tags?post=131046"}],"curies":[{"name":"wp","href":"https:\/\/api.w.org\/{rel}","templated":true}]}}