{"id":131047,"date":"2026-01-09T19:36:18","date_gmt":"2026-01-09T19:36:18","guid":{"rendered":"https:\/\/www.europesays.com\/se\/131047\/"},"modified":"2026-01-09T19:36:18","modified_gmt":"2026-01-09T19:36:18","slug":"usa-bekraftar-att-annu-en-oljetanker-beslagtagits","status":"publish","type":"post","link":"https:\/\/www.europesays.com\/se\/131047\/","title":{"rendered":"USA bekr\u00e4ftar att \u00e4nnu en oljetanker beslagtagits"},"content":{"rendered":"<p class=\"boxtextgrotesk-root_baa6 hyperion-css-7pajle\">Uppdaterad 16.16 | Publicerad 13.54<\/p>\n<p>share-arrowDela<\/p>\n<p>unsaveSpara<\/p>\n<p>expand-left<\/p>\n<p>helsk\u00e4rm<img decoding=\"async\" class=\"image-asset hyperion-css-u06ts1\" data-test-tag=\"image-asset\" src=\"https:\/\/www.europesays.com\/se\/wp-content\/uploads\/2026\/01\/1f6f4d12-4bf9-4942-bb9c-09a4a51f5280.jpeg\"  alt=\"Ett av flera oljefartyg som i veckan befunnit sig vid Venezuelas kust.\"  loading=\"eager\" fetchpriority=\"high\" style=\"aspect-ratio:1900 \/ 1267\"\/>Ett av flera oljefartyg som i veckan befunnit sig vid Venezuelas kust. Foto: Edgar Frias\/AP\/TT<\/p>\n<p class=\"hyperion-css-1shl3oz\" data-test-tag=\"lead-text\">USA bekr\u00e4ftar att \u00e4nnu ett fartyg, oljetankern Olina, har beslagtagits i Karibiska havet efter en gryningsr\u00e4d.<\/p>\n<p class=\"hyperion-css-1v9qo5x\">Fartyget befann sig utanf\u00f6r Venezuelas kust n\u00e4ra Trinidad. Oljetankern, som tidigare seglade under namnet Minerva M, finns med p\u00e5 USA:s sanktionslista p\u00e5 fartyg som seglar till och fr\u00e5n Venezuela, rapporterar amerikanska Wall Street Journal.<\/p>\n<p class=\"hyperion-css-1v9qo5x\">Insatsen skedde f\u00f6re solens uppg\u00e5ng, och genomf\u00f6rdes av USA:s marink\u00e5r och flotta som bland annat nyttjade helikoptrar i \u00f6vertagandet.<\/p>\n<p class=\"hyperion-css-1v9qo5x\">USA:s minister f\u00f6r inrikes s\u00e4kerhet, Kristi Noem, sade att Olina \u201d\u00e4r ytterligare ett skepp i \u2019sp\u00f6kflottan\u2019 som misst\u00e4nks forsla olja som \u00e4r under embargo\u201d.<\/p>\n<p class=\"hyperion-css-1v9qo5x\">Det \u00e4r femte oljefartyget som USA bordar i den p\u00e5g\u00e5ende konflikten kring den s\u00e5 kallade sp\u00f6kflottan, med kopplingar till Ryssland.<\/p>\n<p>Senast i november<\/p>\n<p class=\"hyperion-css-1v9qo5x\">Enligt tidiga uppgifter var fartyget flaggat i \u00d6sttimor, men dess formella flaggning var inte klarlagd.<\/p>\n<p class=\"hyperion-css-1v9qo5x\">Den amerikanska insatsen l\u00e4r sp\u00e4 p\u00e5 den nuvarande ansp\u00e4nningen mellan Washington\u00a0DC och Moskva, och bordningen sker efter det att USA beslagtog ett skepp som sade sig f\u00e4rdas under ryskt beskydd, eskorterad av den ryska marinen.<\/p>\n<p class=\"hyperion-css-1v9qo5x\">Den senaste g\u00e5ngen som oljetankern Olina meddelade sin position var i mitten av november, enligt Marine Traffic som bevakar sj\u00f6trafik.<\/p>\n<p class=\"hyperion-css-1v9qo5x\">Insatsen \u00e4r \u00e4ven ett s\u00e4tt att \u00f6ka pressen p\u00e5 Venezuelas interimsregering.<\/p>\n<p class=\"hyperion-css-1v9qo5x\">USA grep i f\u00f6rra veckan Venezuelas president Nicol\u00e1s Maduro och hans hustru i en storskalig insats mot Caracas. Styret i Caracas har ersatts med ett tillf\u00e4lligt styre, sanktionerat av USA.<\/p>\n<p>Tillslag i Atlanten<\/p>\n<p class=\"hyperion-css-1v9qo5x\">Parallellt har USA de senaste veckorna gjort flera tillslag mot Venezuelas allierade Rysslands sp\u00f6k- eller skuggflotta \u2013 tankfartyg som transporterar sanktionsbelagd olja som Ryssland bed\u00f6ms s\u00e4lja p\u00e5 svarta marknaden.<\/p>\n<p class=\"hyperion-css-1v9qo5x\">I onsdags beslagtog USA oljetankern Marinera i Nordatlanten, med st\u00f6d av Storbritannien. Tidigare samma dygn beslagtogs fartyget Sophia i Karibiska havet.<\/p>\n","protected":false},"excerpt":{"rendered":"Uppdaterad 16.16 | Publicerad 13.54 share-arrowDela unsaveSpara expand-left helsk\u00e4rmEtt av flera oljefartyg som i veckan befunnit sig vid&hellip;\n","protected":false},"author":2,"featured_media":131048,"comment_status":"","ping_status":"","sticky":false,"template":"","format":"standard","meta":{"footnotes":""},"categories":[5],"tags":[22,23,26,27,17,21,24,25,28,29,15,16,18,34,31,33,32,30,19,20],"class_list":{"0":"post-131047","1":"post","2":"type-post","3":"status-publish","4":"format-standard","5":"has-post-thumbnail","7":"category-rubriker","8":"tag-breaking-news","9":"tag-breakingnews","10":"tag-featured-news","11":"tag-featurednews","12":"tag-headlines","13":"tag-huvudnyheter","14":"tag-latest-news","15":"tag-latestnews","16":"tag-main-news","17":"tag-mainnews","18":"tag-news","19":"tag-nyheter","20":"tag-rubriker","21":"tag-se","22":"tag-svenska","23":"tag-sverige","24":"tag-sweden","25":"tag-swedish","26":"tag-top-stories","27":"tag-topstories"},"share_on_mastodon":{"url":"https:\/\/pubeurope.com\/@se\/115866827692123495","error":""},"_links":{"self":[{"href":"https:\/\/www.europesays.com\/se\/wp-json\/wp\/v2\/posts\/131047","targetHints":{"allow":["GET"]}}],"collection":[{"href":"https:\/\/www.europesays.com\/se\/wp-json\/wp\/v2\/posts"}],"about":[{"href":"https:\/\/www.europesays.com\/se\/wp-json\/wp\/v2\/types\/post"}],"author":[{"embeddable":true,"href":"https:\/\/www.europesays.com\/se\/wp-json\/wp\/v2\/users\/2"}],"replies":[{"embeddable":true,"href":"https:\/\/www.europesays.com\/se\/wp-json\/wp\/v2\/comments?post=131047"}],"version-history":[{"count":0,"href":"https:\/\/www.europesays.com\/se\/wp-json\/wp\/v2\/posts\/131047\/revisions"}],"wp:featuredmedia":[{"embeddable":true,"href":"https:\/\/www.europesays.com\/se\/wp-json\/wp\/v2\/media\/131048"}],"wp:attachment":[{"href":"https:\/\/www.europesays.com\/se\/wp-json\/wp\/v2\/media?parent=131047"}],"wp:term":[{"taxonomy":"category","embeddable":true,"href":"https:\/\/www.europesays.com\/se\/wp-json\/wp\/v2\/categories?post=131047"},{"taxonomy":"post_tag","embeddable":true,"href":"https:\/\/www.europesays.com\/se\/wp-json\/wp\/v2\/tags?post=131047"}],"curies":[{"name":"wp","href":"https:\/\/api.w.org\/{rel}","templated":true}]}}