{"id":131050,"date":"2026-01-09T19:43:16","date_gmt":"2026-01-09T19:43:16","guid":{"rendered":"https:\/\/www.europesays.com\/se\/131050\/"},"modified":"2026-01-09T19:43:16","modified_gmt":"2026-01-09T19:43:16","slug":"odenskog-fagerbacken-delvis-avstangd-fran-krondikesvagen-osterut-och-mycket-begransad-framkomlighet-fran-odenskogsvagen-vasterut-fran-12-januari","status":"publish","type":"post","link":"https:\/\/www.europesays.com\/se\/131050\/","title":{"rendered":"Odenskog: Fagerbacken delvis avst\u00e4ngd fr\u00e5n Krondikesv\u00e4gen \u00f6sterut och mycket begr\u00e4nsad framkomlighet fr\u00e5n Odenskogsv\u00e4gen v\u00e4sterut fr\u00e5n 12 januari"},"content":{"rendered":"<p>Det h\u00e4r inneb\u00e4r att:<\/p>\n<ul class=\" env-text-list normal\">\n<li>Fagerbacken \u00e4r avst\u00e4ngd f\u00f6r trafik fr\u00e5n rondellen Krondikesv\u00e4gen-Fagerbacken \u00f6sterut. V\u00e4gen \u00e4r \u00f6ppen f\u00f6r bussar och tung trafik.<\/li>\n<\/ul>\n<ul class=\" env-text-list normal\">\n<li>det \u00e4r mycket begr\u00e4nsad framkomlighet f\u00f6r trafik som \u00e5ker fr\u00e5n rondellen Odenskogsv\u00e4gen-Fagerbacken v\u00e4sterut. V\u00e4lj annan v\u00e4g om m\u00f6jligt.<\/li>\n<li>mellan Stallv\u00e4gen och Hyggesv\u00e4gen regleras trafiken av trafikljus<\/li>\n<li>Hyggesv\u00e4gen \u00e4r avst\u00e4ngd vid korsningen Hyggesv\u00e4gen-Fagerbacken<\/li>\n<li>\u00f6verg\u00e5ngsst\u00e4llet vid Hyggesv\u00e4gen-Fagerbacken \u00e4r avst\u00e4ngd<\/li>\n<li>Stallv\u00e4gens bussh\u00e5llplats \u00e4r st\u00e4ngd<\/li>\n<\/ul>\n<p class=\"normal\">Anledningens till trafikst\u00f6rningen \u00e4r att vi lagar en vattenl\u00e4cka p\u00e5 Fagerbacken mellan Hyggesv\u00e4gen och Stallv\u00e4gen.\u00a0<\/p>\n<p class=\"normal\">Arbetet ber\u00e4knas vara f\u00e4rdigt onsdag 14 januari klockan 16.00.<\/p>\n<p>OBS! Ta det f\u00f6rsiktigt f\u00f6rbi arbetsplatsen s\u00e5 att de som jobbar d\u00e4r f\u00e5r komma hem oskadda.<\/p>\n<p class=\"normal\"><a href=\"https:\/\/ostersund.se\/4.508c6c02154c8c831625e1f1.html\" rel=\"nofollow noopener\" target=\"_blank\">L\u00e4s mer om v\u00e4garbeten och trafikst\u00f6rningar<\/a><\/p>\n","protected":false},"excerpt":{"rendered":"Det h\u00e4r inneb\u00e4r att: Fagerbacken \u00e4r avst\u00e4ngd f\u00f6r trafik fr\u00e5n rondellen Krondikesv\u00e4gen-Fagerbacken \u00f6sterut. V\u00e4gen \u00e4r \u00f6ppen f\u00f6r bussar&hellip;\n","protected":false},"author":2,"featured_media":131051,"comment_status":"","ping_status":"","sticky":false,"template":"","format":"standard","meta":{"footnotes":""},"categories":[12],"tags":[22,23,26,27,17,21,24,25,28,29,15,16,18,34,31,33,32,30,19,20,4539],"class_list":{"0":"post-131050","1":"post","2":"type-post","3":"status-publish","4":"format-standard","5":"has-post-thumbnail","7":"category-sverige","8":"tag-breaking-news","9":"tag-breakingnews","10":"tag-featured-news","11":"tag-featurednews","12":"tag-headlines","13":"tag-huvudnyheter","14":"tag-latest-news","15":"tag-latestnews","16":"tag-main-news","17":"tag-mainnews","18":"tag-news","19":"tag-nyheter","20":"tag-rubriker","21":"tag-se","22":"tag-svenska","23":"tag-sverige","24":"tag-sweden","25":"tag-swedish","26":"tag-top-stories","27":"tag-topstories","28":"tag-trafikstorningar"},"share_on_mastodon":{"url":"https:\/\/pubeurope.com\/@se\/115866855241668209","error":""},"_links":{"self":[{"href":"https:\/\/www.europesays.com\/se\/wp-json\/wp\/v2\/posts\/131050","targetHints":{"allow":["GET"]}}],"collection":[{"href":"https:\/\/www.europesays.com\/se\/wp-json\/wp\/v2\/posts"}],"about":[{"href":"https:\/\/www.europesays.com\/se\/wp-json\/wp\/v2\/types\/post"}],"author":[{"embeddable":true,"href":"https:\/\/www.europesays.com\/se\/wp-json\/wp\/v2\/users\/2"}],"replies":[{"embeddable":true,"href":"https:\/\/www.europesays.com\/se\/wp-json\/wp\/v2\/comments?post=131050"}],"version-history":[{"count":0,"href":"https:\/\/www.europesays.com\/se\/wp-json\/wp\/v2\/posts\/131050\/revisions"}],"wp:featuredmedia":[{"embeddable":true,"href":"https:\/\/www.europesays.com\/se\/wp-json\/wp\/v2\/media\/131051"}],"wp:attachment":[{"href":"https:\/\/www.europesays.com\/se\/wp-json\/wp\/v2\/media?parent=131050"}],"wp:term":[{"taxonomy":"category","embeddable":true,"href":"https:\/\/www.europesays.com\/se\/wp-json\/wp\/v2\/categories?post=131050"},{"taxonomy":"post_tag","embeddable":true,"href":"https:\/\/www.europesays.com\/se\/wp-json\/wp\/v2\/tags?post=131050"}],"curies":[{"name":"wp","href":"https:\/\/api.w.org\/{rel}","templated":true}]}}