{"id":131053,"date":"2026-01-09T19:47:11","date_gmt":"2026-01-09T19:47:11","guid":{"rendered":"https:\/\/www.europesays.com\/se\/131053\/"},"modified":"2026-01-09T19:47:11","modified_gmt":"2026-01-09T19:47:11","slug":"rickard-sjobergs-tarar-klipptes-bort-i-postkodmiljonaren-i-tv4","status":"publish","type":"post","link":"https:\/\/www.europesays.com\/se\/131053\/","title":{"rendered":"Rickard Sj\u00f6bergs t\u00e5rar klipptes bort i Postkodmiljon\u00e4ren i TV4"},"content":{"rendered":"<p>Publicerad 9 jan 2026 kl 20.05Uppdaterad kl 20.26<\/p>\n<p>Stefan Olafssons ber\u00e4ttelse som f\u00f6re detta heml\u00f6s narkoman ber\u00f6r Rickard Sj\u00f6berg i \u201dPostkodmiljon\u00e4ren\u201d.<\/p>\n<p>Programledaren tvingas ta en paus som har klippts bort i TV4.<\/p>\n<p>\u2013 Det var som ett hammarslag i huvudet, s\u00e4ger Rickard Sj\u00f6berg.<\/p>\n<p><img   alt=\"\"\/><\/p>\n<p>Stefan Olafsson levde i tio \u00e5r som heml\u00f6s narkoman, i dag \u00e4r han advokat.<\/p>\n<p>Foto: Emilia Dal\u00e9n<\/p>\n<p>\u00d6ppna bild i helsk\u00e4rm<img loading=\"lazy\"   alt=\"\"\/><\/p>\n<p>Stefans ord ber\u00f6r Rickard Sj\u00f6berg som tittar ner i golvet f\u00f6r att samla sig.<\/p>\n<p>\u00d6ppna bild i helsk\u00e4rm<img loading=\"lazy\"   alt=\"\"\/><\/p>\n<p>Programledaren k\u00e4mpar med att h\u00e5lla tillbaka t\u00e5rarna.<\/p>\n<p>\u00d6ppna bild i helsk\u00e4rm<img loading=\"lazy\"   alt=\"\"\/><\/p>\n<p>Sj\u00f6berg avsl\u00f6jar nu att inspelningen fick pausas s\u00e5 han kunde samla sig.<\/p>\n<p>\u00d6ppna bild i helsk\u00e4rm<\/p>\n<p>I fredagens avsnitt av \u201dPostkodmiljon\u00e4ren\u201d t\u00e4vlar Stefan Olafsson som har ett f\u00f6rflutet som heml\u00f6s narkoman men i dag jobbar som advokat.<\/p>\n<p>N\u00e4r Olafsson ber\u00e4ttar vad som blev v\u00e4ndpunkten f\u00f6r honom k\u00e4mpar programledaren Richard Sj\u00f6berg med att h\u00e5lla tillbaka t\u00e5rarna.<\/p>\n<p>Stefan Olafsson hittade en kvinna som hade f\u00e5tt en stroke \u2013 och r\u00e4ddade hennes liv.<\/p>\n<p>\u2013 Hon s\u00e4ger till mig ofta \u201dStefan, min livr\u00e4ddare\u201d. Och jag svarar med samma \u201dHeidi, min livr\u00e4ddare\u201d, ber\u00e4ttar Olafsson i programmet om den 92-\u00e5riga kvinnan som han fortfarande har kontakt med.<\/p>\n<p>Det f\u00e5r Richard Sj\u00f6berg att ber\u00f6rt utbrista \u201dusch\u201d tv\u00e5 g\u00e5nger och titta ner i golvet med glansiga \u00f6gon.<\/p>\n<p>\u2013 Vi tar en appl\u00e5d p\u00e5 det, s\u00e4ger han medan r\u00f6sten bryts.<\/p>\n<p>Tvingades ta paus<\/p>\n<p>F\u00f6r Expressen ber\u00e4ttar b\u00e5de Stefan Olafsson och <a href=\"https:\/\/www.expressen.se\/tagg\/person\/rickard-sjoberg\/\" class=\"\" rel=\"nofollow noopener\" target=\"_blank\">Rickard Sj\u00f6berg<\/a> att den sistn\u00e4mnde fick samla sig i n\u00e5gra minuter innan inspelningen kunde forts\u00e4tta.<\/p>\n<p>\u2013 Det kom s\u00e5 ov\u00e4ntat f\u00f6r mig. Det var som ett hammarslag i huvudet. Det var s\u00e5 fint. Alla vi har ju det verktyget i oss. Att vi kan vara varandras livr\u00e4ddare, s\u00e4ger Rickard Sj\u00f6berg till Expressen.<\/p>\n<p><strong>Kom det n\u00e5gra t\u00e5rar d\u00e5 ocks\u00e5 som har klippts bort?<\/strong><\/p>\n<p>\u00a0\u2013 Jag tror att det gjorde det. Det hade inte g\u00e5tt att ha kvar alltihop. Jag har inte sett det f\u00e4rdigklippt men jag f\u00f6ruts\u00e4tter att de har klippt ner den d\u00e4r pausen ordentligt, s\u00e4ger Sj\u00f6berg.<\/p>\n<p>Sk\u00e4nker alla pengar till f\u00f6rening<\/p>\n<p>Stefan Olafsson vinner 100 000 kronor i programmet och han v\u00e4ljer att sk\u00e4nka allt till den ideella f\u00f6reningen Bufff, som ger st\u00f6d till barn och ungdomar med anh\u00f6riga i f\u00e4ngelse, h\u00e4kte eller friv\u00e5rd.<\/p>\n<p>Olafsson ville st\u00f6dja en f\u00f6rening som hj\u00e4lper barn som har det sv\u00e5rt och valde Bufff f\u00f6r att han tror att m\u00e5nga inte k\u00e4nner till dem.\u00a0<\/p>\n<p>\u2013 Jag springer ju ut och in p\u00e5 h\u00e4ktarna som advokat och de g\u00f6r ett fint arbete d\u00e4r tycker jag. D\u00e5 kom jag fram till att jag g\u00e4rna vill bidra till att g\u00f6ra det l\u00e4ttare, s\u00e4ger Olafsson till Expressen.<\/p>\n","protected":false},"excerpt":{"rendered":"Publicerad 9 jan 2026 kl 20.05Uppdaterad kl 20.26 Stefan Olafssons ber\u00e4ttelse som f\u00f6re detta heml\u00f6s narkoman ber\u00f6r Rickard&hellip;\n","protected":false},"author":2,"featured_media":131054,"comment_status":"","ping_status":"","sticky":false,"template":"","format":"standard","meta":{"footnotes":""},"categories":[67],"tags":[104,384,4675,34,31,33,32,30,646,105],"class_list":{"0":"post-131053","1":"post","2":"type-post","3":"status-publish","4":"format-standard","5":"has-post-thumbnail","7":"category-underhallning","8":"tag-entertainment","9":"tag-organization-tv4","10":"tag-person-rickard-sjoberg","11":"tag-se","12":"tag-svenska","13":"tag-sverige","14":"tag-sweden","15":"tag-swedish","16":"tag-topic-tv-serier","17":"tag-underhallning"},"share_on_mastodon":{"url":"https:\/\/pubeurope.com\/@se\/115866871104655829","error":""},"_links":{"self":[{"href":"https:\/\/www.europesays.com\/se\/wp-json\/wp\/v2\/posts\/131053","targetHints":{"allow":["GET"]}}],"collection":[{"href":"https:\/\/www.europesays.com\/se\/wp-json\/wp\/v2\/posts"}],"about":[{"href":"https:\/\/www.europesays.com\/se\/wp-json\/wp\/v2\/types\/post"}],"author":[{"embeddable":true,"href":"https:\/\/www.europesays.com\/se\/wp-json\/wp\/v2\/users\/2"}],"replies":[{"embeddable":true,"href":"https:\/\/www.europesays.com\/se\/wp-json\/wp\/v2\/comments?post=131053"}],"version-history":[{"count":0,"href":"https:\/\/www.europesays.com\/se\/wp-json\/wp\/v2\/posts\/131053\/revisions"}],"wp:featuredmedia":[{"embeddable":true,"href":"https:\/\/www.europesays.com\/se\/wp-json\/wp\/v2\/media\/131054"}],"wp:attachment":[{"href":"https:\/\/www.europesays.com\/se\/wp-json\/wp\/v2\/media?parent=131053"}],"wp:term":[{"taxonomy":"category","embeddable":true,"href":"https:\/\/www.europesays.com\/se\/wp-json\/wp\/v2\/categories?post=131053"},{"taxonomy":"post_tag","embeddable":true,"href":"https:\/\/www.europesays.com\/se\/wp-json\/wp\/v2\/tags?post=131053"}],"curies":[{"name":"wp","href":"https:\/\/api.w.org\/{rel}","templated":true}]}}