{"id":131055,"date":"2026-01-09T19:48:07","date_gmt":"2026-01-09T19:48:07","guid":{"rendered":"https:\/\/www.europesays.com\/se\/131055\/"},"modified":"2026-01-09T19:48:07","modified_gmt":"2026-01-09T19:48:07","slug":"reaktionen-pa-leksells-skamt-om-flickvannen","status":"publish","type":"post","link":"https:\/\/www.europesays.com\/se\/131055\/","title":{"rendered":"Reaktionen p\u00e5 Leksells sk\u00e4mt \u2013 om flickv\u00e4nnen"},"content":{"rendered":"<p>Publicerad 9 jan 2026 kl 20.30<\/p>\n<p>Victor Leksell fick k\u00e4mpa l\u00e4nge f\u00f6r att f\u00e5 sin Lisa Magnusson.<\/p>\n<p>Och kanske vred han lite p\u00e5 sanningen&#8230;?<\/p>\n<p>Caroline af Ugglas b\u00f6rjar gapskratta av artistens k\u00e4rleksknep.<\/p>\n<p><img   alt=\"\"\/><\/p>\n<p>Victor Leksell.<\/p>\n<p>Foto: SVT<\/p>\n<p>\u00d6ppna bild i helsk\u00e4rm<img loading=\"lazy\"   alt=\"\"\/><\/p>\n<p>Carina Bergfedlt.<\/p>\n<p>Foto: SVT<\/p>\n<p>\u00d6ppna bild i helsk\u00e4rm<\/p>\n<p>Artisten <a href=\"https:\/\/www.expressen.se\/tagg\/person\/victor-leksell\/\" class=\"\" rel=\"nofollow noopener\" target=\"_blank\">Victor Leksell<\/a>, 28, g\u00e4star veckans \u201dCarina Bergfeldt\u201d i SVT. D\u00e5 f\u00e5r han fr\u00e5gan om sin flickv\u00e4n Lisa Magnusson. De tv\u00e5 tr\u00e4ffades 2018, strax innan Leksells karri\u00e4r tog ordentlig fart.\u00a0<\/p>\n<p>\u2013 Jag f\u00f6ll ganska direkt f\u00f6r henne. Sen tog det ett tag innan vi blev ihop. Jag f\u00f6rs\u00f6kte, f\u00f6rs\u00f6kte och f\u00f6rs\u00f6kte, s\u00e4ger Leksell i programmet.<\/p>\n<p>\u2013 Var hon sv\u00e5rflirtad? undrar Carina Bergfeldt.<\/p>\n<p>\u2013 S\u00e5 in i b\u00e4nken. J\u00e4tte.<\/p>\n<p>\u2013 Vad fick du g\u00f6ra d\u00e5?<\/p>\n<p>\u2013 Vara ih\u00e4rdig.<\/p>\n<p><img loading=\"lazy\"   alt=\"\"\/><\/p>\n<p>Caroline af Ugglas kan inte h\u00e5lla sig.<\/p>\n<p>Foto: SVT<\/p>\n<p>\u00d6ppna bild i helsk\u00e4rm<\/p>\n<p>Bergfeldt fr\u00e5gar om Victor Leksell skrev l\u00e5tar till henne.<\/p>\n<p>D\u00e5 kommer sk\u00e4mtet som f\u00e5r g\u00e4sten Carole af Ugglas, som sitter intill, att asgarva.<\/p>\n<p>\u2013 Jag kanske sa att de handlade om henne, men&#8230;<\/p>\n<p><img loading=\"lazy\"   alt=\"\"\/><\/p>\n<p>Victor Leksell fick till slut sin Lisa.<\/p>\n<p>Foto: Karin T\u00f6rnblom\/TT<\/p>\n<p>\u00d6ppna bild i helsk\u00e4rm<\/p>\n","protected":false},"excerpt":{"rendered":"Publicerad 9 jan 2026 kl 20.30 Victor Leksell fick k\u00e4mpa l\u00e4nge f\u00f6r att f\u00e5 sin Lisa Magnusson. Och&hellip;\n","protected":false},"author":2,"featured_media":131056,"comment_status":"","ping_status":"","sticky":false,"template":"","format":"standard","meta":{"footnotes":""},"categories":[66],"tags":[4311,80,78,79,34,31,33,32,30,81,84,310,83,82],"class_list":{"0":"post-131055","1":"post","2":"type-post","3":"status-publish","4":"format-standard","5":"has-post-thumbnail","7":"category-vetenskap-och-teknik","8":"tag-person-victor-leksell","9":"tag-science","10":"tag-science-and-technology","11":"tag-scienceandtechnology","12":"tag-se","13":"tag-svenska","14":"tag-sverige","15":"tag-sweden","16":"tag-swedish","17":"tag-technology","18":"tag-teknik","19":"tag-topic-kandisar","20":"tag-vetenskap","21":"tag-vetenskapteknik"},"share_on_mastodon":{"url":"https:\/\/pubeurope.com\/@se\/115866875004051838","error":""},"_links":{"self":[{"href":"https:\/\/www.europesays.com\/se\/wp-json\/wp\/v2\/posts\/131055","targetHints":{"allow":["GET"]}}],"collection":[{"href":"https:\/\/www.europesays.com\/se\/wp-json\/wp\/v2\/posts"}],"about":[{"href":"https:\/\/www.europesays.com\/se\/wp-json\/wp\/v2\/types\/post"}],"author":[{"embeddable":true,"href":"https:\/\/www.europesays.com\/se\/wp-json\/wp\/v2\/users\/2"}],"replies":[{"embeddable":true,"href":"https:\/\/www.europesays.com\/se\/wp-json\/wp\/v2\/comments?post=131055"}],"version-history":[{"count":0,"href":"https:\/\/www.europesays.com\/se\/wp-json\/wp\/v2\/posts\/131055\/revisions"}],"wp:featuredmedia":[{"embeddable":true,"href":"https:\/\/www.europesays.com\/se\/wp-json\/wp\/v2\/media\/131056"}],"wp:attachment":[{"href":"https:\/\/www.europesays.com\/se\/wp-json\/wp\/v2\/media?parent=131055"}],"wp:term":[{"taxonomy":"category","embeddable":true,"href":"https:\/\/www.europesays.com\/se\/wp-json\/wp\/v2\/categories?post=131055"},{"taxonomy":"post_tag","embeddable":true,"href":"https:\/\/www.europesays.com\/se\/wp-json\/wp\/v2\/tags?post=131055"}],"curies":[{"name":"wp","href":"https:\/\/api.w.org\/{rel}","templated":true}]}}