{"id":131060,"date":"2026-01-09T19:52:11","date_gmt":"2026-01-09T19:52:11","guid":{"rendered":"https:\/\/www.europesays.com\/se\/131060\/"},"modified":"2026-01-09T19:52:11","modified_gmt":"2026-01-09T19:52:11","slug":"ebba-buschs-svar-efter-bikinibilden-behovs-farre-rovhal","status":"publish","type":"post","link":"https:\/\/www.europesays.com\/se\/131060\/","title":{"rendered":"Ebba Buschs svar efter bikinibilden: \u201dBeh\u00f6vs f\u00e4rre r\u00f6vh\u00e5l\u201d"},"content":{"rendered":"<p>Det har riktats skarp kritik mot Elon Musks AI-verktyg Grok p\u00e5 sociala medieplattformen X, d\u00e4r anv\u00e4ndare kunnat skapa sexualiserade bilder av verkliga personer. Bland annat har bilder p\u00e5 energi- och n\u00e4ringsminister Ebba Busch (KD) ikl\u00e4dd endast bikini spridits.<\/p>\n<p>Ebba Busch: \u201dOfrivilligt avkl\u00e4dd\u201d<\/p>\n<p>Nu svarar Ebba Busch sj\u00e4lv i en video p\u00e5 X, d\u00e4r hon p\u00e5 engelska riktar kritik mot plattformen.<\/p>\n<p>\u2013 Problemet \u00e4r att jag blev ofrivilligt avkl\u00e4dd av Elon Musks Grok p\u00e5 X. Och l\u00e5t mig vara tydlig, som kvinna v\u00e4ljer jag n\u00e4r, var och f\u00f6r vem jag visar mig i bikini, s\u00e4ger hon.<\/p>\n<p>Politiska reaktioner<\/p>\n<p>EU-kommissionen har riktat skarp kritik mot X och kallade i m\u00e5ndags de nya funktionerna p\u00e5 Grok f\u00f6r \u201dvidriga\u201d. <\/p>\n<p>\u00c4ven Buschs partikollega socialminister Jakob Forssmed (KD) \u00e4r kritisk mot funktionen i AI-boten Grok och s\u00e4ger att det \u00e4r ett \u201dgroteskt exempel p\u00e5 att techbolagen \u00e4r beredda att utveckla tj\u00e4nster som exploaterar m\u00e4nniskor.\u201d<\/p>\n<p>X skriver att de aktivt raderar illegalt inneh\u00e5ll fr\u00e5n sin sajt, och att de samarbetar med polis och andra myndigheter.<\/p>\n","protected":false},"excerpt":{"rendered":"Det har riktats skarp kritik mot Elon Musks AI-verktyg Grok p\u00e5 sociala medieplattformen X, d\u00e4r anv\u00e4ndare kunnat skapa&hellip;\n","protected":false},"author":2,"featured_media":131061,"comment_status":"","ping_status":"","sticky":false,"template":"","format":"standard","meta":{"footnotes":""},"categories":[5],"tags":[22,23,26,27,17,21,24,25,28,29,15,16,18,34,31,33,32,30,19,20],"class_list":{"0":"post-131060","1":"post","2":"type-post","3":"status-publish","4":"format-standard","5":"has-post-thumbnail","7":"category-rubriker","8":"tag-breaking-news","9":"tag-breakingnews","10":"tag-featured-news","11":"tag-featurednews","12":"tag-headlines","13":"tag-huvudnyheter","14":"tag-latest-news","15":"tag-latestnews","16":"tag-main-news","17":"tag-mainnews","18":"tag-news","19":"tag-nyheter","20":"tag-rubriker","21":"tag-se","22":"tag-svenska","23":"tag-sverige","24":"tag-sweden","25":"tag-swedish","26":"tag-top-stories","27":"tag-topstories"},"share_on_mastodon":{"url":"https:\/\/pubeurope.com\/@se\/115866890580217510","error":""},"_links":{"self":[{"href":"https:\/\/www.europesays.com\/se\/wp-json\/wp\/v2\/posts\/131060","targetHints":{"allow":["GET"]}}],"collection":[{"href":"https:\/\/www.europesays.com\/se\/wp-json\/wp\/v2\/posts"}],"about":[{"href":"https:\/\/www.europesays.com\/se\/wp-json\/wp\/v2\/types\/post"}],"author":[{"embeddable":true,"href":"https:\/\/www.europesays.com\/se\/wp-json\/wp\/v2\/users\/2"}],"replies":[{"embeddable":true,"href":"https:\/\/www.europesays.com\/se\/wp-json\/wp\/v2\/comments?post=131060"}],"version-history":[{"count":0,"href":"https:\/\/www.europesays.com\/se\/wp-json\/wp\/v2\/posts\/131060\/revisions"}],"wp:featuredmedia":[{"embeddable":true,"href":"https:\/\/www.europesays.com\/se\/wp-json\/wp\/v2\/media\/131061"}],"wp:attachment":[{"href":"https:\/\/www.europesays.com\/se\/wp-json\/wp\/v2\/media?parent=131060"}],"wp:term":[{"taxonomy":"category","embeddable":true,"href":"https:\/\/www.europesays.com\/se\/wp-json\/wp\/v2\/categories?post=131060"},{"taxonomy":"post_tag","embeddable":true,"href":"https:\/\/www.europesays.com\/se\/wp-json\/wp\/v2\/tags?post=131060"}],"curies":[{"name":"wp","href":"https:\/\/api.w.org\/{rel}","templated":true}]}}