{"id":131062,"date":"2026-01-09T19:56:15","date_gmt":"2026-01-09T19:56:15","guid":{"rendered":"https:\/\/www.europesays.com\/se\/131062\/"},"modified":"2026-01-09T19:56:15","modified_gmt":"2026-01-09T19:56:15","slug":"tcl-presenterar-arets-innovations-och-produktnyheter-under-ces-2026-i-las-vegas","status":"publish","type":"post","link":"https:\/\/www.europesays.com\/se\/131062\/","title":{"rendered":"TCL presenterar \u00e5rets innovations och produktnyheter under CES 2026 i Las Vegas"},"content":{"rendered":"<p>\n          Pressmeddelande &#8211;<br \/>\n 9 Januari 2026 16:49<\/p>\n<p>    Dela<\/p>\n<p>\n          L\u00e4nk kopierad!\n        <\/p>\n<p>          <a class=\"ghost-btn-with-icon svg-stroke\" rel=\"nofollow noopener\" aria-label=\"Ladda ned som PDF\" href=\"https:\/\/www.mynewsdesk.com\/se\/tcl\/pressreleases\/tcl-presenterar-aarets-innovations-och-produktnyheter-under-ces-2026-i-las-vegas-3424227.pdf\" target=\"_blank\"><\/p>\n<p>            Ladda ner<br \/>\n<\/a>      <\/p>\n<p><strong>Under 2026 \u00e5rs upplaga av CES i Las Vegas presenterar TCL \u00e5rets produktportf\u00f6lj och teknikframsteg inom konsumentelektronik och uppkopplade hem. En gemensam n\u00e4mnare f\u00f6r \u00e5rets nyheter \u00e4r lagret av artificiell intelligens \u00f6ver hela TCL:s sortiment. Fr\u00e5n bild- och ljudbehandling i TV-apparater till produktivitet, interaktion och automatisering i mobila enheter, wearables och smarta hem. Bland nyheterna finns n\u00e4sta generation TV-teknik, mobila enheter med fokus p\u00e5 \u00f6gonkomfort och produktivitet, smarta hush\u00e5llsprodukter samt nya l\u00f6sningar f\u00f6r snabb och stabil uppkoppling. <\/strong><\/p>\n<p>TV<\/p>\n<p>TCL:s senaste steg inom TV-teknik \u00e4r SQD Mini LED, en vidareutveckling av Mini LED som ger h\u00f6gre bildprecision, b\u00e4ttre ljusstyrning och mer stabil f\u00e4rg\u00e5tergivning. Genom f\u00f6rfinad f\u00e4rgfiltrering beh\u00e5ller f\u00e4rgerna sin korrekthet \u00e4ven i komplexa och f\u00e4rgrika scener. Under CES 2026 presenterar TCL en ny SQD Mini LED\u2011portf\u00f6lj som bygger vidare p\u00e5 den flerfaldigt prisbel\u00f6nta QD Mini LED\u2011serien och tillf\u00f6r ytterligare kontroll \u00f6ver kontrast och f\u00e4rg f\u00f6r en mer filmisk bild.<\/p>\n<p>SQD Mini LED\u2011sortimentet integrerar TCL:s Deep Color System f\u00f6r ett bredare f\u00e4rgspektrum och f\u00f6rb\u00e4ttrad kontrast, i samspel med TCL Halo Control System som effektivt reducerar ljuseffekter runt ljusa objekt mot m\u00f6rka bakgrunder. Resultatet \u00e4r en mer konsekvent och omslutande bild, \u00e4ven i ljusa rum. Serien har \u00e4ven st\u00f6d f\u00f6r Google Gemini Interactive AI och levereras i en slimmad design, anpassad f\u00f6r moderna hemmilj\u00f6er.<\/p>\n<p>Samarbetet med Bang &amp; Olufsen forts\u00e4tter f\u00f6r utvalda mellanklass och premiumprodukter, med fokus p\u00e5 ljud anpassat f\u00f6r vardagsrumsmilj\u00f6er.<\/p>\n<p><strong>TCL X11L SQD Mini LED TV-serie<\/strong><img loading=\"lazy\" decoding=\"async\" src=\"https:\/\/www.europesays.com\/se\/wp-content\/uploads\/2026\/01\/5ij33lgsh7lv1z1s9iancn.jpeg\" data-material-id=\"3390717\" data-material-type=\"ImageList\" width=\"1000\" height=\"1000\"\/><\/p>\n<p>TCL X11L \u00e4r flaggskeppet i f\u00f6retagets nya SQD Mini LED\u2011generation. Serien kombinerar mycket h\u00f6g ljusstyrka, avancerad lokal dimning och f\u00f6rb\u00e4ttrad f\u00e4rgprecision f\u00f6r en mer konsekvent bild i b\u00e5de ljusa och m\u00f6rka scener. Med upp till 144 Hz uppdateringsfrekvens, AI\u2011baserad bildbehandling och Audio by Bang &amp; Olufsen <a href=\"#_msocom_1\" target=\"_blank\" rel=\"nofollow noopener\">[SS1]<\/a> \u00e4r X11L utvecklad f\u00f6r film, sport och spel i premiumklass.<\/p>\n<p><a href=\"https:\/\/us.tcl.com\/blogs\/press-releases\/tcl-unveils-x11l-series-sqd-mini-led-tv-at-ces-2026-delivering-ultimate-performance-with-an-all-new-level-of-accurate-color\" target=\"_blank\" rel=\"nofollow noopener\">Mer information<\/a><\/p>\n<p>Mobilt och surfplattor<\/p>\n<p><strong>TCL NXTPAPER 70 Pro<\/strong><\/p>\n<p><img loading=\"lazy\" decoding=\"async\" src=\"https:\/\/www.europesays.com\/se\/wp-content\/uploads\/2026\/01\/ldov09lm8ks1i8pnt9gtf1.jpeg\" data-material-id=\"3390718\" data-material-type=\"ImageList\" width=\"1000\" height=\"1000\"\/><\/p>\n<p>TCL NXTPAPER 70 Pro \u00e4r en smart telefon utvecklad f\u00f6r en mer behaglig sk\u00e4rmanv\u00e4ndning. Med NXTPAPER 4.0\u2011teknik kan anv\u00e4ndaren v\u00e4xla mellan f\u00e4rg- och svartvita l\u00e4gen via en dedikerad knapp, vilket ger b\u00e4ttre fokus vid l\u00e4sning och skrivande. Telefonen kombinerar h\u00f6g prestanda, AI\u2011baserade verktyg f\u00f6r produktivitet och kreativitet samt en kamera anpassad f\u00f6r vardagsbruk.<\/p>\n<p><a href=\"https:\/\/www.tcl.com\/global\/en\/news\/tcl-nxtpaper-70-pro-android-smartphone-delivers-all-day-eye-comfort-featuring-modes-switching-via-the-nxtpaper-key\" target=\"_blank\" rel=\"nofollow noopener\">Mer information<\/a><\/p>\n<p><strong>TCL Note A1 NXTPAPER<\/strong><\/p>\n<p><img loading=\"lazy\" decoding=\"async\" src=\"https:\/\/www.europesays.com\/se\/wp-content\/uploads\/2026\/01\/a3g4ub8e2qso6g24zraxqq.jpeg\" data-material-id=\"3390719\" data-material-type=\"ImageList\" width=\"1000\" height=\"1000\"\/><\/p>\n<p><strong><br \/><\/strong>TCL Note A1 NXTPAPER \u00e4r en surfplatta som efterliknar k\u00e4nslan av papper vid l\u00e4sning, anteckningar och skissande. Sk\u00e4rmen \u00e4r utvecklad f\u00f6r l\u00e5g belastning p\u00e5 \u00f6gonen och kombineras med penna med h\u00f6g precision. Inbyggda AI\u2011funktioner som transkribering, sammanfattning och \u00f6vers\u00e4ttning g\u00f6r enheten till ett verktyg f\u00f6r b\u00e5de studier, arbete och kreativt skapande.<\/p>\n<p><a href=\"https:\/\/www.tcl.com\/global\/en\/tablets\/tcl-note-a1-nxtpaper\" target=\"_blank\" rel=\"nofollow noopener\">Mer information<\/a><\/p>\n<p>Wearables<\/p>\n<p>RayNeo utg\u00f6r TCL:s plattform f\u00f6r AR och b\u00e4rbar teknik. Ekosystemet \u00e4r utvecklat f\u00f6r att f\u00f6ra samman visuell upplevelse, AI och handsfree\u2011interaktion i l\u00e4tta och portabla format. Genom b\u00e5de sk\u00e4rmbaserade AR-glas\u00f6gon och mer avancerade wearables med inbyggd ber\u00e4kningskraft positionerar RayNeo sig som ett komplement till mobil och dator, f\u00f6r arbete, underh\u00e5llning och vardagsanv\u00e4ndning.<\/p>\n<p><strong>RayNeo Air 4 Pro<\/strong><img loading=\"lazy\" decoding=\"async\" src=\"https:\/\/www.europesays.com\/se\/wp-content\/uploads\/2026\/01\/ue2di902jyxhflp6v18t0g.jpeg\" data-material-id=\"3390720\" data-material-type=\"ImageList\" width=\"640\" height=\"640\"\/><\/p>\n<p>RayNeo Air 4 Pro \u00e4r v\u00e4rldens f\u00f6rsta AR-glas\u00f6gon med HDR10-st\u00f6d och projicerar en h\u00f6gkontrastsk\u00e4rm direkt i anv\u00e4ndarens synf\u00e4lt. Tekniken ger mer detaljerade f\u00e4rger och djup i film, spel och appar, samtidigt som formatet m\u00f6jligg\u00f6r en portabel storbildsupplevelse. Glas\u00f6gonen \u00e4r utvecklade f\u00f6r l\u00e4ngre anv\u00e4ndning med tydlig bild och f\u00f6rb\u00e4ttrad visuell komfort.<\/p>\n<p><strong>RayNeo X3 Pro<\/strong><img loading=\"lazy\" decoding=\"async\" src=\"https:\/\/www.europesays.com\/se\/wp-content\/uploads\/2026\/01\/83krm96yikdybdf2hk9oj7.jpeg\" data-material-id=\"3390721\" data-material-type=\"ImageList\" width=\"638\" height=\"639\"\/><\/p>\n<p>RayNeo X3 Pro \u00e4r ett l\u00e4tt AR-wearable med inbyggd processor och AI-st\u00f6d. Enheten visar information i realtid, som \u00f6vers\u00e4ttning och kontextbaserad v\u00e4gledning, direkt i synf\u00e4ltet. Det ger handsfree-st\u00f6d f\u00f6r arbete, resor och vardagsanv\u00e4ndning, med fokus p\u00e5 snabb \u00e5tkomst till relevant information i farten.<\/p>\n<p>N\u00e4tverk och uppkoppling<strong>TCL WiFi Router BE36<\/strong><img loading=\"lazy\" decoding=\"async\" src=\"https:\/\/www.europesays.com\/se\/wp-content\/uploads\/2026\/01\/r2qqzhasom5xy0753jk836.jpeg\" data-material-id=\"3390728\" data-material-type=\"ImageList\" width=\"1000\" height=\"706\"\/><br \/>TCL WiFi Router BE36 \u00e4r en mesh\u2011router med st\u00f6d f\u00f6r Wi\u2011Fi 7, framtagen f\u00f6r hem med m\u00e5nga uppkopplade enheter. L\u00f6sningen ger h\u00f6gre hastigheter, stabil t\u00e4ckning i flera rum och enkel hantering via app. Routern \u00e4r t\u00e4nkt att fungera som navet i det uppkopplade hemmet, f\u00f6r b\u00e5de arbete, streaming och smarta enheter.<\/p>\n<p><a href=\"https:\/\/www.tcl.com\/global\/en\/news\/tcl-advances-next-gen-connectivity-with-5g-wi-fi-7-mobile-wi-fi-and-wi-fi-7-mesh-router-to-power-modern-connected-lifestyles\" target=\"_blank\" rel=\"nofollow noopener\">Mer information<\/a><\/p>\n<p> Smarta hem och vitvaror<strong>TCL FreshIN 3.0 luftkonditionering<\/strong><img loading=\"lazy\" decoding=\"async\" src=\"https:\/\/www.europesays.com\/se\/wp-content\/uploads\/2026\/01\/j8fr3b6wvnxma9ad15hda2.jpeg\" data-material-id=\"3390730\" data-material-type=\"ImageList\" width=\"1000\" height=\"600\"\/><\/p>\n<p>FreshIN 3.0 \u00e4r en luftkonditioneringsl\u00f6sning med fokus p\u00e5 luftkvalitet och energieffektivitet. Med flerstegsfiltrering, synlig luftkvalitetsindikering och AI\u2011baserad energistyrning bidrar systemet till ett j\u00e4mnare inomhusklimat med l\u00e4gre energif\u00f6rbrukning.<\/p>\n<p><a href=\"https:\/\/www.tcl.com\/eu\/en\/air-conditioners\/freshin-3-0\" target=\"_blank\" rel=\"nofollow noopener\">Mer information<\/a><\/p>\n<p><strong>TCL VoxIN luftkonditionering<\/strong><img loading=\"lazy\" decoding=\"async\" src=\"https:\/\/www.europesays.com\/se\/wp-content\/uploads\/2026\/01\/qlwqu4b0eiv99df052pez3.jpeg\" data-material-id=\"3390732\" data-material-type=\"ImageList\" width=\"1000\" height=\"563\"\/><\/p>\n<p>VoxIN kombinerar energieffektiv kylning med r\u00f6ststyrning som fungerar \u00e4ven utan internetuppkoppling. Systemet \u00e4r utvecklat f\u00f6r enkel installation och daglig anv\u00e4ndning, med j\u00e4mn luftf\u00f6rdelning och l\u00e5g ljudniv\u00e5.<\/p>\n<p><a href=\"https:\/\/www.tcl.com\/global\/en\/air-conditioners\/voxin\" target=\"_blank\" rel=\"nofollow noopener\">Mer information<\/a><\/p>\n<p><strong>TCL P5 Super Drum tv\u00e4ttmaskin<\/strong><img loading=\"lazy\" decoding=\"async\" src=\"https:\/\/www.europesays.com\/se\/wp-content\/uploads\/2026\/01\/bc1uo1mo1uowc85w9wbwaj.jpeg\" data-material-id=\"3390733\" data-material-type=\"ImageList\" width=\"1000\" height=\"562\"\/><\/p>\n<p>P5 Super Drum \u00e4r en tv\u00e4ttmaskinsserie med extra stor trumma och program utvecklade f\u00f6r effektiv fl\u00e4ckborttagning i vardagstv\u00e4tt. Maskinerna kombinerar energieffektiv drift med kapacitet anpassad f\u00f6r familjehush\u00e5ll.<\/p>\n<p><a href=\"https:\/\/www.tcl.com\/eu\/en\/washing-machine\/fp1154wa0\" target=\"_blank\" rel=\"nofollow noopener\">Mer information<\/a><\/p>\n<p>Tillg\u00e4nglighet<\/p>\n<p>Produkterna planeras att lanseras successivt under 2026. Priser och lokal tillg\u00e4nglighet f\u00f6r Norden \u00e4r i nul\u00e4get inte fastst\u00e4llt.<\/p>\n","protected":false},"excerpt":{"rendered":"Pressmeddelande &#8211; 9 Januari 2026 16:49 Dela L\u00e4nk kopierad! Ladda ner Under 2026 \u00e5rs upplaga av CES i&hellip;\n","protected":false},"author":2,"featured_media":131063,"comment_status":"","ping_status":"","sticky":false,"template":"","format":"standard","meta":{"footnotes":""},"categories":[66],"tags":[13443,80,78,79,34,13442,7147,31,33,32,30,1813,81,84,1594,83,82],"class_list":{"0":"post-131062","1":"post","2":"type-post","3":"status-publish","4":"format-standard","5":"has-post-thumbnail","7":"category-vetenskap-och-teknik","8":"tag-ces","9":"tag-science","10":"tag-science-and-technology","11":"tag-scienceandtechnology","12":"tag-se","13":"tag-smart-home","14":"tag-smartphone","15":"tag-svenska","16":"tag-sverige","17":"tag-sweden","18":"tag-swedish","19":"tag-tablets","20":"tag-technology","21":"tag-teknik","22":"tag-tv","23":"tag-vetenskap","24":"tag-vetenskapteknik"},"share_on_mastodon":{"url":"https:\/\/pubeurope.com\/@se\/115866906440925760","error":""},"_links":{"self":[{"href":"https:\/\/www.europesays.com\/se\/wp-json\/wp\/v2\/posts\/131062","targetHints":{"allow":["GET"]}}],"collection":[{"href":"https:\/\/www.europesays.com\/se\/wp-json\/wp\/v2\/posts"}],"about":[{"href":"https:\/\/www.europesays.com\/se\/wp-json\/wp\/v2\/types\/post"}],"author":[{"embeddable":true,"href":"https:\/\/www.europesays.com\/se\/wp-json\/wp\/v2\/users\/2"}],"replies":[{"embeddable":true,"href":"https:\/\/www.europesays.com\/se\/wp-json\/wp\/v2\/comments?post=131062"}],"version-history":[{"count":0,"href":"https:\/\/www.europesays.com\/se\/wp-json\/wp\/v2\/posts\/131062\/revisions"}],"wp:featuredmedia":[{"embeddable":true,"href":"https:\/\/www.europesays.com\/se\/wp-json\/wp\/v2\/media\/131063"}],"wp:attachment":[{"href":"https:\/\/www.europesays.com\/se\/wp-json\/wp\/v2\/media?parent=131062"}],"wp:term":[{"taxonomy":"category","embeddable":true,"href":"https:\/\/www.europesays.com\/se\/wp-json\/wp\/v2\/categories?post=131062"},{"taxonomy":"post_tag","embeddable":true,"href":"https:\/\/www.europesays.com\/se\/wp-json\/wp\/v2\/tags?post=131062"}],"curies":[{"name":"wp","href":"https:\/\/api.w.org\/{rel}","templated":true}]}}