{"id":131066,"date":"2026-01-09T19:58:11","date_gmt":"2026-01-09T19:58:11","guid":{"rendered":"https:\/\/www.europesays.com\/se\/131066\/"},"modified":"2026-01-09T19:58:11","modified_gmt":"2026-01-09T19:58:11","slug":"8-sidor-minst-13-dodade-i-gaza","status":"publish","type":"post","link":"https:\/\/www.europesays.com\/se\/131066\/","title":{"rendered":"8 Sidor &#8211; Minst 13 d\u00f6dade i\u00a0Gaza"},"content":{"rendered":"<p>En man i det palestinska omr\u00e5det Gaza cyklar f\u00f6rbi hus som har bombats s\u00f6nder. Nyligen h\u00e4nde nya attacker i Gaza. Foto: Jehad Alshrafi\/AP\/TT<\/p>\n<p>Israel har gjort flera attacker<br \/>fr\u00e5n luften i det palestinska<br \/>omr\u00e5det Gaza.<br \/>Attackerna h\u00e4nde i torsdags.<\/p>\n<p>Minst 13 m\u00e4nniskor d\u00f6dades.<br \/>Fem av dem var barn.<\/p>\n<p>Det s\u00e4ger myndigheter i Gaza<br \/>som styrs av gruppen Hamas.<\/p>\n<p>En dr\u00f6nare d\u00f6dade<br \/>tre barn och en vuxen<br \/>i ett t\u00e4lt.<\/p>\n<p>M\u00e5nga m\u00e4nniskor har inga<br \/>hem kvar i Gaza.<br \/>Israel har bombat s\u00f6nder deras hus.<br \/>D\u00e4rf\u00f6r bor m\u00e5nga i t\u00e4lt.<\/p>\n<p>Israel s\u00e4ger att de gjorde<br \/>attackerna efter att en<br \/>raket skjutits mot Israel.<br \/>Raketen n\u00e5dde inte utanf\u00f6r<br \/>Gazas gr\u00e4ns.<\/p>\n<p>Sedan den 10 oktober f\u00f6rra \u00e5ret<br \/>\u00e4r det paus i kriget i Gaza.<br \/>Trots det har minst<br \/>425 palestinier i Gaza d\u00f6dats.<\/p>\n<p>Israel s\u00e4ger att tre av deras<br \/>milit\u00e4rer har d\u00f6dats<br \/>av m\u00e4n med vapen i Gaza.<\/p>\n<p>8 SIDOR\/TT<\/p>\n<ul>\n<li>Israel b\u00f6rjade sina stora attacker<br \/>mot det palestinska omr\u00e5det<br \/>Gaza efter den 7 oktober<br \/>\u00e5r 2023.<\/li>\n<li>Det h\u00e4nde efter att gruppen<br \/>Hamas som styr i Gaza<br \/>attackerat Israel.<\/li>\n<li>B\u00e5de Israel och Hamas<br \/>\u00e4r anklagade f\u00f6r brott<br \/>mot krigets lagar.<\/li>\n<li>Israels ledare Benjamin Netanyahu<br \/>\u00e4r efterlyst av domstolen ICC<br \/>som har r\u00e4tteg\u00e5ngar<br \/>om brott i krig.<\/li>\n<\/ul>\n<p>                <img loading=\"lazy\" decoding=\"async\" width=\"750\" height=\"402\" src=\"https:\/\/www.europesays.com\/se\/wp-content\/uploads\/2026\/01\/Netanyahu4.jpg\" class=\"attachment-medium size-medium\" alt=\"Han h\u00e5ller upp ett pekfinger n\u00e4r han pratar.\"\/><\/p>\n<p>                        Israels ledare Benjamin Netanyahu.<br \/>\n                                Foto: Ronen Zvulun\/AP\/TT                            <\/p>\n","protected":false},"excerpt":{"rendered":"En man i det palestinska omr\u00e5det Gaza cyklar f\u00f6rbi hus som har bombats s\u00f6nder. Nyligen h\u00e4nde nya attacker&hellip;\n","protected":false},"author":2,"featured_media":131067,"comment_status":"","ping_status":"","sticky":false,"template":"","format":"standard","meta":{"footnotes":""},"categories":[14],"tags":[22,23,26,27,17,21,24,25,28,29,15,16,18,34,31,33,32,30,19,20,51,52,53,54],"class_list":{"0":"post-131066","1":"post","2":"type-post","3":"status-publish","4":"format-standard","5":"has-post-thumbnail","7":"category-varlden","8":"tag-breaking-news","9":"tag-breakingnews","10":"tag-featured-news","11":"tag-featurednews","12":"tag-headlines","13":"tag-huvudnyheter","14":"tag-latest-news","15":"tag-latestnews","16":"tag-main-news","17":"tag-mainnews","18":"tag-news","19":"tag-nyheter","20":"tag-rubriker","21":"tag-se","22":"tag-svenska","23":"tag-sverige","24":"tag-sweden","25":"tag-swedish","26":"tag-top-stories","27":"tag-topstories","28":"tag-varlden","29":"tag-world","30":"tag-world-news","31":"tag-worldnews"},"share_on_mastodon":{"url":"https:\/\/pubeurope.com\/@se\/115866914300625444","error":""},"_links":{"self":[{"href":"https:\/\/www.europesays.com\/se\/wp-json\/wp\/v2\/posts\/131066","targetHints":{"allow":["GET"]}}],"collection":[{"href":"https:\/\/www.europesays.com\/se\/wp-json\/wp\/v2\/posts"}],"about":[{"href":"https:\/\/www.europesays.com\/se\/wp-json\/wp\/v2\/types\/post"}],"author":[{"embeddable":true,"href":"https:\/\/www.europesays.com\/se\/wp-json\/wp\/v2\/users\/2"}],"replies":[{"embeddable":true,"href":"https:\/\/www.europesays.com\/se\/wp-json\/wp\/v2\/comments?post=131066"}],"version-history":[{"count":0,"href":"https:\/\/www.europesays.com\/se\/wp-json\/wp\/v2\/posts\/131066\/revisions"}],"wp:featuredmedia":[{"embeddable":true,"href":"https:\/\/www.europesays.com\/se\/wp-json\/wp\/v2\/media\/131067"}],"wp:attachment":[{"href":"https:\/\/www.europesays.com\/se\/wp-json\/wp\/v2\/media?parent=131066"}],"wp:term":[{"taxonomy":"category","embeddable":true,"href":"https:\/\/www.europesays.com\/se\/wp-json\/wp\/v2\/categories?post=131066"},{"taxonomy":"post_tag","embeddable":true,"href":"https:\/\/www.europesays.com\/se\/wp-json\/wp\/v2\/tags?post=131066"}],"curies":[{"name":"wp","href":"https:\/\/api.w.org\/{rel}","templated":true}]}}