{"id":131068,"date":"2026-01-09T19:59:13","date_gmt":"2026-01-09T19:59:13","guid":{"rendered":"https:\/\/www.europesays.com\/se\/131068\/"},"modified":"2026-01-09T19:59:13","modified_gmt":"2026-01-09T19:59:13","slug":"skogsagare-tog-emot-daniel-hellden-i-amot-hjalper-varandra","status":"publish","type":"post","link":"https:\/\/www.europesays.com\/se\/131068\/","title":{"rendered":"Skogs\u00e4gare tog emot Daniel Helld\u00e9n i \u00c5mot: &#8221;hj\u00e4lper varandra&#8221;"},"content":{"rendered":"<p>\u2013 M\u00e5nga skogs\u00e4gare ber\u00e4ttar att f\u00f6rst kom stormen, med starka vindar som bl\u00e5ste ner tr\u00e4d. Sen hade de kanske n\u00e5gon eller n\u00e5gra dagar till sn\u00f6n b\u00f6rjade falla. Vissa hade tid att kunna rensa upp f\u00f6r v\u00e4gar och byggnader, ett arbete som blev mycket sv\u00e5rare n\u00e4r sn\u00f6n kom, s\u00e4ger Ulrik Svalsten, ordf\u00f6rande Mellanskog G\u00e4striklands SBO.<\/p>\n<p>F\u00f6r m\u00e5nga skogs\u00e4gare blir stormen en dubbel sm\u00e4ll. Det kommer sl\u00e4ppas ut v\u00e4ldigt mycket mer \u00e4n den planerade avverkningen p\u00e5 marknaden och d\u00e5 kommer priset sannolikt sjunka. Och det \u00e4r redan nu i ett v\u00e4ldigt v\u00e4ldigt skakigt marknadsl\u00e4ge.<\/p>\n<p>\u2013 Vi \u00f6nskar en snabb och smidig hantering av det h\u00e4r av myndigheterna. Helst vill vi se n\u00e5gon form av generell dispens, till exempel fr\u00e5n sexveckorsregeln. Och f\u00f6r framtiden, att det fanns ett paket av \u00e5tg\u00e4rder och dispenser som tog effekt s\u00e5 snart vissa villkor uppfylls. Det skulle skapa en trygghet f\u00f6r skogs\u00e4garna, de som nu sitter och inte vet hur det ska bli.<\/p>\n<p>\u2013 Jag kan s\u00e4ga att det finns inte en skogs\u00e4gare i min region som inte \u00e4r drabbad p\u00e5 ett eller annat s\u00e4tt.<\/p>\n<p>Hj\u00e4lper varandra<\/p>\n","protected":false},"excerpt":{"rendered":"\u2013 M\u00e5nga skogs\u00e4gare ber\u00e4ttar att f\u00f6rst kom stormen, med starka vindar som bl\u00e5ste ner tr\u00e4d. Sen hade de&hellip;\n","protected":false},"author":2,"featured_media":131069,"comment_status":"","ping_status":"","sticky":false,"template":"","format":"standard","meta":{"footnotes":""},"categories":[12],"tags":[22,23,26,27,17,21,24,25,28,29,15,16,18,34,31,33,32,30,19,20],"class_list":{"0":"post-131068","1":"post","2":"type-post","3":"status-publish","4":"format-standard","5":"has-post-thumbnail","7":"category-sverige","8":"tag-breaking-news","9":"tag-breakingnews","10":"tag-featured-news","11":"tag-featurednews","12":"tag-headlines","13":"tag-huvudnyheter","14":"tag-latest-news","15":"tag-latestnews","16":"tag-main-news","17":"tag-mainnews","18":"tag-news","19":"tag-nyheter","20":"tag-rubriker","21":"tag-se","22":"tag-svenska","23":"tag-sverige","24":"tag-sweden","25":"tag-swedish","26":"tag-top-stories","27":"tag-topstories"},"share_on_mastodon":{"url":"https:\/\/pubeurope.com\/@se\/115866918065788139","error":""},"_links":{"self":[{"href":"https:\/\/www.europesays.com\/se\/wp-json\/wp\/v2\/posts\/131068","targetHints":{"allow":["GET"]}}],"collection":[{"href":"https:\/\/www.europesays.com\/se\/wp-json\/wp\/v2\/posts"}],"about":[{"href":"https:\/\/www.europesays.com\/se\/wp-json\/wp\/v2\/types\/post"}],"author":[{"embeddable":true,"href":"https:\/\/www.europesays.com\/se\/wp-json\/wp\/v2\/users\/2"}],"replies":[{"embeddable":true,"href":"https:\/\/www.europesays.com\/se\/wp-json\/wp\/v2\/comments?post=131068"}],"version-history":[{"count":0,"href":"https:\/\/www.europesays.com\/se\/wp-json\/wp\/v2\/posts\/131068\/revisions"}],"wp:featuredmedia":[{"embeddable":true,"href":"https:\/\/www.europesays.com\/se\/wp-json\/wp\/v2\/media\/131069"}],"wp:attachment":[{"href":"https:\/\/www.europesays.com\/se\/wp-json\/wp\/v2\/media?parent=131068"}],"wp:term":[{"taxonomy":"category","embeddable":true,"href":"https:\/\/www.europesays.com\/se\/wp-json\/wp\/v2\/categories?post=131068"},{"taxonomy":"post_tag","embeddable":true,"href":"https:\/\/www.europesays.com\/se\/wp-json\/wp\/v2\/tags?post=131068"}],"curies":[{"name":"wp","href":"https:\/\/api.w.org\/{rel}","templated":true}]}}