{"id":13107,"date":"2025-08-25T08:52:11","date_gmt":"2025-08-25T08:52:11","guid":{"rendered":"https:\/\/www.europesays.com\/se\/13107\/"},"modified":"2025-08-25T08:52:11","modified_gmt":"2025-08-25T08:52:11","slug":"veckans-horoskop-25-31-augusti-sa-blir-astrot-for-vecka-35-2025","status":"publish","type":"post","link":"https:\/\/www.europesays.com\/se\/13107\/","title":{"rendered":"Veckans horoskop 25 \u2013 31 augusti: S\u00e5 blir astrot f\u00f6r vecka 35, 2025"},"content":{"rendered":"<p>Publicerad 25 aug 2025 kl 10.47<\/p>\n<p>Veckohoroskop f\u00f6r vecka 35, signerat Damernas V\u00e4rlds astrolog Margareta Hedin fr\u00e5n ber\u00f6mda Astrobloggen, str\u00e4cker sig fr\u00e5n den 25 till 31 augusti 2025. Skrolla ned f\u00f6r att l\u00e4sa veckans astro f\u00f6r alla stj\u00e4rntecken: Stenbocken, Vattumannen, Fiskarna, V\u00e4duren, Oxen, Tvillingarna, Kr\u00e4ftan, Lejonet, Jungfrun, V\u00e5gen, Skorpionen och Skytten.<\/p>\n","protected":false},"excerpt":{"rendered":"Publicerad 25 aug 2025 kl 10.47 Veckohoroskop f\u00f6r vecka 35, signerat Damernas V\u00e4rlds astrolog Margareta Hedin fr\u00e5n ber\u00f6mda&hellip;\n","protected":false},"author":2,"featured_media":13108,"comment_status":"","ping_status":"","sticky":false,"template":"","format":"standard","meta":{"footnotes":""},"categories":[67],"tags":[104,34,489,31,33,32,30,1771,105],"class_list":{"0":"post-13107","1":"post","2":"type-post","3":"status-publish","4":"format-standard","5":"has-post-thumbnail","7":"category-underhallning","8":"tag-entertainment","9":"tag-se","10":"tag-sections-horoskop","11":"tag-svenska","12":"tag-sverige","13":"tag-sweden","14":"tag-swedish","15":"tag-topic-veckans-horoskop","16":"tag-underhallning"},"share_on_mastodon":{"url":"","error":""},"_links":{"self":[{"href":"https:\/\/www.europesays.com\/se\/wp-json\/wp\/v2\/posts\/13107","targetHints":{"allow":["GET"]}}],"collection":[{"href":"https:\/\/www.europesays.com\/se\/wp-json\/wp\/v2\/posts"}],"about":[{"href":"https:\/\/www.europesays.com\/se\/wp-json\/wp\/v2\/types\/post"}],"author":[{"embeddable":true,"href":"https:\/\/www.europesays.com\/se\/wp-json\/wp\/v2\/users\/2"}],"replies":[{"embeddable":true,"href":"https:\/\/www.europesays.com\/se\/wp-json\/wp\/v2\/comments?post=13107"}],"version-history":[{"count":0,"href":"https:\/\/www.europesays.com\/se\/wp-json\/wp\/v2\/posts\/13107\/revisions"}],"wp:featuredmedia":[{"embeddable":true,"href":"https:\/\/www.europesays.com\/se\/wp-json\/wp\/v2\/media\/13108"}],"wp:attachment":[{"href":"https:\/\/www.europesays.com\/se\/wp-json\/wp\/v2\/media?parent=13107"}],"wp:term":[{"taxonomy":"category","embeddable":true,"href":"https:\/\/www.europesays.com\/se\/wp-json\/wp\/v2\/categories?post=13107"},{"taxonomy":"post_tag","embeddable":true,"href":"https:\/\/www.europesays.com\/se\/wp-json\/wp\/v2\/tags?post=13107"}],"curies":[{"name":"wp","href":"https:\/\/api.w.org\/{rel}","templated":true}]}}