{"id":131070,"date":"2026-01-09T20:00:38","date_gmt":"2026-01-09T20:00:38","guid":{"rendered":"https:\/\/www.europesays.com\/se\/131070\/"},"modified":"2026-01-09T20:00:38","modified_gmt":"2026-01-09T20:00:38","slug":"hundratals-larm-om-farliga-istappar-har-ar-telefonen-som-raddar-liv","status":"publish","type":"post","link":"https:\/\/www.europesays.com\/se\/131070\/","title":{"rendered":"Hundratals larm om farliga istappar \u2013 h\u00e4r \u00e4r telefonen som r\u00e4ddar liv"},"content":{"rendered":"<p class=\"ort\">L\u00e4net<\/p>\n<p class=\"text\">F\u00f6rst en kvartsmeter sn\u00f6, sedan lite t\u00f6 \u2013 och nu minusgrader igen.<\/p>\n<p class=\"text\">Efter flera \u00e5r utan s\u00e4rskilt mycket vinter i Stockholm \u00e4r nu f\u00f6rh\u00e5llandena perfekta f\u00f6r att det ska bildas stora istappar l\u00e4ngs stupr\u00e4nnor och takkanter.<\/p>\n<p class=\"text\">Varken SOS Alarm eller kommunerna har de kontakter som beh\u00f6vs f\u00f6r att kunna \u00e5tg\u00e4rda en farlig situation.<\/p>\n<p class=\"text\">D\u00e4remot finns Istappstelefonen som alla stockholmare kan anv\u00e4nda om de ser hotfulla isformationer eller sn\u00f6sjok d\u00e4r m\u00e4nniskor passerar.<\/p>\n<p class=\"text\">\u2013 Bara p\u00e5 n\u00e5gra dagar har vi f\u00e5tt in \u00f6ver tv\u00e5hundra samtal, ber\u00e4ttar Fredrik Tamm som driver den livr\u00e4ddande tj\u00e4nsten i samarbete med Fastighets\u00e4garna i Stockholm.<\/p>\n<p><img decoding=\"async\" class=\"Image Image_\" src=\"\" data-aghref=\"http:\/\/www.mitti.se\/image-3.354331.271500.20260109152501.1.d3d71b1236\" data-agimagetype=\"hardcrop\" alt=\"Fredrik Tamm p\u00e5 Fastighetskalendern ser Istappstelefonen som ett bra s\u00e4tt f\u00f6r medborgare att visa engagemang.\"\/><\/p>\n<p class=\"Caption\">Fredrik Tamm p\u00e5 Fastighetskalendern ser Istappstelefonen som ett bra s\u00e4tt f\u00f6r medborgare att visa engagemang.<\/p>\n<p class=\"Source\">Privat<\/p>\n<p class=\"text\">Istappstelefonen \u2013 020-478277 \u2013 startades 2003 som en reaktion p\u00e5 den tragiska d\u00f6dsolyckan \u00e5ret innan, d\u00e5 en 14-\u00e5rig pojke d\u00f6dades av en nedfallande isklump, stor som ett bild\u00e4ck, p\u00e5 Drottninggatan i Stockholm.<\/p>\n<p>Varnar f\u00f6r risken<\/p>\n<p class=\"text\">\u2013 M\u00e4nniskor som blir oroliga kan ringa in och ange adressen. Vi har kontaktuppgifter till alla fastighet\u00e4gare och f\u00f6rvaltare i l\u00e4net, vilket g\u00f6r att vi enkelt kan f\u00f6rmedla informationen vidare till r\u00e4tt person och varna f\u00f6r risken, s\u00e4ger Fredrik Tamm.<\/p>\n<p class=\"text\">En effekt, framh\u00e5ller han, \u00e4r att fastighets\u00e4garna har blivit mer medvetna om det ansvar de har enligt lagen att motverka nedfallande sn\u00f6 och is p\u00e5 allm\u00e4nna platser.<\/p>\n<p class=\"citat\">Kan g\u00f6ra skillnad<\/p>\n<p class=\"text\">Som mest under de sn\u00f6- och isrika vintrarna f\u00f6r 10-15 \u00e5r sedan kunde det ringas in upp till 5000 \u2013 6000 samtal per s\u00e4song, ber\u00e4ttar Fredrik.<\/p>\n<p class=\"text\">En s\u00f6kning visar ocks\u00e5 att det skedde ett antal olyckor under 00- och b\u00f6rjan av 10-talet d\u00e4r folk tr\u00e4ffades av nedfallande is. P\u00e5 senare \u00e5r har incidenterna varit f\u00e4rre.<\/p>\n<p class=\"text\">\u2013 F\u00f6rutom 2023 d\u00e5 det var en kort period med istappsbildning har det i princip inte funnits n\u00e5got behov av telefonen p\u00e5 tio \u00e5r.<\/p>\n<p>Beh\u00f6ver hj\u00e4lpa varandra<\/p>\n<p class=\"text\">Men nu \u00e4r det \u00e5ter skarpt l\u00e4ge. Fredrik Tamm ser flera vinster med istappstelefonen, f\u00f6rutom att den kan r\u00e4dda liv.<\/p>\n<p class=\"text\">\u2013 Det handlar om att l\u00e5ta engagerade medborgare vara med och g\u00f6ra skillnad. N\u00e4r folk f\u00e5r den m\u00f6jligheten blir de som regel \u00e4nnu mer engagerade i sitt omr\u00e5de. Efter pandemin tror jag att vi har ett st\u00f6rre behov \u00e4n n\u00e5gonsin av att bry oss om och hj\u00e4lpa varandra, s\u00e4ger han.<\/p>\n<p>P\u00e5 flera h\u00f6ghus i Vasastan h\u00e4nger istappar som kan vara farliga. Nu uppmanas f\u00f6reningarna att ta bort dem eller sp\u00e4rra av riskomr\u00e5dena.<\/p>\n<p class=\"text\">Norrmalmspolisen har uppm\u00e4rksammat att det p\u00e5 flera h\u00f6ga byggnader i Vasastan h\u00e4nger istappar som riskerar att falla och skada m\u00e4nniskor. <\/p>\n<p class=\"text\">Flera bostadsr\u00e4ttsf\u00f6reningar har nu informerats om situationen. <\/p>\n<p class=\"text\">\u2013\u00a0Som fastighets\u00e4gare ska man inte v\u00e4nta p\u00e5 att vi h\u00f6r av oss. De ska sj\u00e4lva g\u00f6r tillsyn och det brukar vanligtvis fungera v\u00e4ldigt bra, s\u00e4ger Annika\u00a0Fitzpatrick, hos norrmalmspolisen. <\/p>\n<p class=\"text\">Att inte \u00e5tg\u00e4rda detta som fastighets\u00e4gare \u00e4r ett brott mot Ordningslagen. Om problemet d\u00e4remot \u00e5tg\u00e4rdas uppr\u00e4ttas inga polisanm\u00e4lningar.<\/p>\n<p class=\"text\">\u2013\u00a0Jag ringde till ordf\u00f6rande i bostadsr\u00e4ttsf\u00f6reningarna och vi hade bra samtal. De kommer st\u00e4lla ut n\u00e5gonting p\u00e5 en g\u00e5ng i v\u00e4ntan p\u00e5 folk som kan ta bort istapparna.<\/p>\n<p>Tr\u00e4ffade n\u00e4stan barnvagn<\/p>\n<p class=\"text\">Att st\u00e4lla ut bock\ufeffar \u00e4r ingen l\u00f6sning man f\u00e5r ha \u00f6ver en l\u00e5ng tidsperiod, po\u00e4ngterar hon. Bockarna f\u00e5r inte heller tvinga ut folk i gatan.<\/p>\n<p class=\"text\">\u2013\u00a0Men allt det h\u00e4r har b\u00f6rjat sk\u00f6tas mer ordentligt efter d\u00f6dsolyckan p\u00e5 Drottninggatan f\u00f6r n\u00e5gra \u00e5r sedan. Det var nog ett wake-up call f\u00f6r m\u00e5nga. <\/p>\n<p class=\"text\">\u00c4ven sn\u00f6 som riskerar att rasa ska avl\u00e4gsnas p\u00e5 en g\u00e5ng, s\u00e4ger Annika\u00a0Fitzpatrick.<\/p>\n<p class=\"text\">Men n\u00e4r Mitt i:s reporter gick p\u00e5 Surbrunnsgatan\/Norrtullsgatan och Karlbergsv\u00e4gen under eftermiddagen rasade sn\u00f6 fr\u00e5n taket tv\u00e5 g\u00e5nger. F\u00f6rsta g\u00e5ngen var det n\u00e4ra att personer blev tr\u00e4ffade i huvudet, andra g\u00e5ngen landade sn\u00f6n n\u00e4ra en barnvagn.  <\/p>\n<p class=\"teaser\">H\u00e4nger l\u00f6st p\u00e5 h\u00f6ghus \u2714 Sn\u00f6ras tr\u00e4ffade n\u00e4stan barnvagn \u2714 Polisen: D\u00f6dsolyckan p\u00e5 Drottninggatan ett wake-up call <\/p>\n<p class=\"faktarubrik\">Istappstelefonen<\/p>\n<p class=\"fakta\">Drivs av Stockholms fastighetskalender med st\u00f6d av Fastighets\u00e4garna i Stockholm. Familjebost\u00e4der, Fastighets\u00e4garna Stockholm, Bostadsr\u00e4tterna, Svenska Bost\u00e4der, HSB Stockholm, Riksbyggen och Stockholmshem har ocks\u00e5 varit med i har ocks\u00e5 varit med i uppstarten av samarbetet.<\/p>\n<p class=\"fakta\">I dag \u00e4r fler \u00e4n 11 000 fastigheter anslutna i Stockholm. \u00c4ven fastighets\u00e4gare som inte \u00e4r anslutna f\u00e5r larm via istappstelefonen. Kostnaden f\u00f6r tj\u00e4nsten delas gemensamt av de anslutna fastighet\u00e4garna.<\/p>\n<p class=\"fakta\">Telefonnumret \u00e4r 020-478277. Anm\u00e4lan kan ocks\u00e5 g\u00f6ras p\u00e5 istappstelefon.se.<\/p>\n<p class=\"faktakalla\">K\u00e4lla: Istappstelefonen<\/p>\n","protected":false},"excerpt":{"rendered":"L\u00e4net F\u00f6rst en kvartsmeter sn\u00f6, sedan lite t\u00f6 \u2013 och nu minusgrader igen. Efter flera \u00e5r utan s\u00e4rskilt&hellip;\n","protected":false},"author":2,"featured_media":131071,"comment_status":"","ping_status":"","sticky":false,"template":"","format":"standard","meta":{"footnotes":""},"categories":[5],"tags":[22,23,26,27,17,21,24,25,28,29,15,16,18,34,31,33,32,30,19,20],"class_list":{"0":"post-131070","1":"post","2":"type-post","3":"status-publish","4":"format-standard","5":"has-post-thumbnail","7":"category-rubriker","8":"tag-breaking-news","9":"tag-breakingnews","10":"tag-featured-news","11":"tag-featurednews","12":"tag-headlines","13":"tag-huvudnyheter","14":"tag-latest-news","15":"tag-latestnews","16":"tag-main-news","17":"tag-mainnews","18":"tag-news","19":"tag-nyheter","20":"tag-rubriker","21":"tag-se","22":"tag-svenska","23":"tag-sverige","24":"tag-sweden","25":"tag-swedish","26":"tag-top-stories","27":"tag-topstories"},"share_on_mastodon":{"url":"https:\/\/pubeurope.com\/@se\/115866922037251447","error":""},"_links":{"self":[{"href":"https:\/\/www.europesays.com\/se\/wp-json\/wp\/v2\/posts\/131070","targetHints":{"allow":["GET"]}}],"collection":[{"href":"https:\/\/www.europesays.com\/se\/wp-json\/wp\/v2\/posts"}],"about":[{"href":"https:\/\/www.europesays.com\/se\/wp-json\/wp\/v2\/types\/post"}],"author":[{"embeddable":true,"href":"https:\/\/www.europesays.com\/se\/wp-json\/wp\/v2\/users\/2"}],"replies":[{"embeddable":true,"href":"https:\/\/www.europesays.com\/se\/wp-json\/wp\/v2\/comments?post=131070"}],"version-history":[{"count":0,"href":"https:\/\/www.europesays.com\/se\/wp-json\/wp\/v2\/posts\/131070\/revisions"}],"wp:featuredmedia":[{"embeddable":true,"href":"https:\/\/www.europesays.com\/se\/wp-json\/wp\/v2\/media\/131071"}],"wp:attachment":[{"href":"https:\/\/www.europesays.com\/se\/wp-json\/wp\/v2\/media?parent=131070"}],"wp:term":[{"taxonomy":"category","embeddable":true,"href":"https:\/\/www.europesays.com\/se\/wp-json\/wp\/v2\/categories?post=131070"},{"taxonomy":"post_tag","embeddable":true,"href":"https:\/\/www.europesays.com\/se\/wp-json\/wp\/v2\/tags?post=131070"}],"curies":[{"name":"wp","href":"https:\/\/api.w.org\/{rel}","templated":true}]}}