{"id":131078,"date":"2026-01-09T20:08:14","date_gmt":"2026-01-09T20:08:14","guid":{"rendered":"https:\/\/www.europesays.com\/se\/131078\/"},"modified":"2026-01-09T20:08:14","modified_gmt":"2026-01-09T20:08:14","slug":"andreas-norbrant-slutar-som-stadsdirektor-i-december-2026","status":"publish","type":"post","link":"https:\/\/www.europesays.com\/se\/131078\/","title":{"rendered":"Andreas Norbrant slutar som stadsdirekt\u00f6r i december 2026"},"content":{"rendered":"<p class=\"normal\">\u2212 Jag \u00e4r en v\u00e4ldigt stolt stadsdirekt\u00f6r. Vi har genomf\u00f6rt stora och ansvarsfulla f\u00f6r\u00e4ndringar i organisationen och vi har gjort det tillsammans. \u00c5tta \u00e5r som stadsdirekt\u00f6r av totalt 23 \u00e5r i Malm\u00f6 stad \u00e4r l\u00e5ng tid. Det \u00e4r dags att l\u00e4mna \u00f6ver till en ny person som forts\u00e4tter arbetet med att utveckla Malm\u00f6. Jag l\u00e4mnar besked i god tid f\u00f6r att s\u00e4kerst\u00e4lla en ansvarsfull och planerad \u00f6verl\u00e4mning. Till dess ser jag fram emot att fullf\u00f6lja uppdraget under \u00e5ret tillsammans med alla kloka chefer och medarbetare i organisationen, s\u00e4ger Andreas Norbrant, stadsdirekt\u00f6r, Malm\u00f6 stad.<\/p>\n<p class=\"normal\">Andreas Norbrant har arbetat i Malm\u00f6 stad sedan 2002 i flera ledande tj\u00e4nster, bland annat som direkt\u00f6r p\u00e5 f\u00f6rskolef\u00f6rvaltningen och nu senast som stadsdirekt\u00f6r i \u00e5tta \u00e5r. Andreas har, i sitt uppdrag som stadsdirekt\u00f6r, lett staden samtidigt som han arbetat nationellt och regionalt med kollegor i liknande uppdrag. Han har ocks\u00e5 bidragit i flera stora organisatoriska f\u00f6r\u00e4ndringar som Malm\u00f6 stad genomf\u00f6rt.<\/p>\n<p class=\"normal\">\u2212 Jag har stor respekt f\u00f6r Andreas beslut. I hans uppdrag som stadsdirekt\u00f6r \u00e4r han en trygg ledare i en tid av stora f\u00f6r\u00e4ndringar, alltid med Malm\u00f6bornas b\u00e4sta och stadens utveckling i fokus, s\u00e4ger Katrin Stjernfeldt Jammeh (S), kommunstyrelsens ordf\u00f6rande, Malm\u00f6 stad.<\/p>\n<p class=\"normal\">\u2212 Andreas \u00e4r en engagerad ledare, som skapar f\u00f6ruts\u00e4ttningar f\u00f6r god dialog och gott samarbete. Han \u00e4r en nyckelspelare i att f\u00e5 ihop organisationen och i arbetet med att st\u00f6dja kommunstyrelsen, s\u00e4ger Helena Nanne (M), oppositionsr\u00e5d och andre vice ordf\u00f6rande i kommunstyrelsen i Malm\u00f6.<\/p>\n<p class=\"normal\">Rekryteringen kommer ledas av stadskontoret och p\u00e5b\u00f6rjas omedelbart med hj\u00e4lp av externt rekryteringsf\u00f6retag. Den kommer att p\u00e5g\u00e5 under v\u00e5ren och v\u00e4ntas bli klar till sommaren. Rekrytering av ny stadsdirekt\u00f6r bereds av kommunstyrelsens arbetsutskott. D\u00e4refter fattar kommunstyrelsen beslut om anst\u00e4llning.<\/p>\n<p class=\"normal\">\u2212 Nu inleds arbetet med att rekrytera en ny stadsdirekt\u00f6r. Andreas, tillsammans med hela organisationen, kommer forts\u00e4tta att ha fullt fokus p\u00e5 att l\u00f6sa uppdraget under tiden rekryteringen av hans eftertr\u00e4dare p\u00e5g\u00e5r, s\u00e4ger Katrin Stjernfeldt Jammeh.<\/p>\n","protected":false},"excerpt":{"rendered":"\u2212 Jag \u00e4r en v\u00e4ldigt stolt stadsdirekt\u00f6r. Vi har genomf\u00f6rt stora och ansvarsfulla f\u00f6r\u00e4ndringar i organisationen och vi&hellip;\n","protected":false},"author":2,"featured_media":131079,"comment_status":"","ping_status":"","sticky":false,"template":"","format":"standard","meta":{"footnotes":""},"categories":[12],"tags":[22,23,26,27,17,21,24,25,28,29,15,16,18,34,31,33,32,30,19,20],"class_list":{"0":"post-131078","1":"post","2":"type-post","3":"status-publish","4":"format-standard","5":"has-post-thumbnail","7":"category-sverige","8":"tag-breaking-news","9":"tag-breakingnews","10":"tag-featured-news","11":"tag-featurednews","12":"tag-headlines","13":"tag-huvudnyheter","14":"tag-latest-news","15":"tag-latestnews","16":"tag-main-news","17":"tag-mainnews","18":"tag-news","19":"tag-nyheter","20":"tag-rubriker","21":"tag-se","22":"tag-svenska","23":"tag-sverige","24":"tag-sweden","25":"tag-swedish","26":"tag-top-stories","27":"tag-topstories"},"share_on_mastodon":{"url":"https:\/\/pubeurope.com\/@se\/115866953513503144","error":""},"_links":{"self":[{"href":"https:\/\/www.europesays.com\/se\/wp-json\/wp\/v2\/posts\/131078","targetHints":{"allow":["GET"]}}],"collection":[{"href":"https:\/\/www.europesays.com\/se\/wp-json\/wp\/v2\/posts"}],"about":[{"href":"https:\/\/www.europesays.com\/se\/wp-json\/wp\/v2\/types\/post"}],"author":[{"embeddable":true,"href":"https:\/\/www.europesays.com\/se\/wp-json\/wp\/v2\/users\/2"}],"replies":[{"embeddable":true,"href":"https:\/\/www.europesays.com\/se\/wp-json\/wp\/v2\/comments?post=131078"}],"version-history":[{"count":0,"href":"https:\/\/www.europesays.com\/se\/wp-json\/wp\/v2\/posts\/131078\/revisions"}],"wp:featuredmedia":[{"embeddable":true,"href":"https:\/\/www.europesays.com\/se\/wp-json\/wp\/v2\/media\/131079"}],"wp:attachment":[{"href":"https:\/\/www.europesays.com\/se\/wp-json\/wp\/v2\/media?parent=131078"}],"wp:term":[{"taxonomy":"category","embeddable":true,"href":"https:\/\/www.europesays.com\/se\/wp-json\/wp\/v2\/categories?post=131078"},{"taxonomy":"post_tag","embeddable":true,"href":"https:\/\/www.europesays.com\/se\/wp-json\/wp\/v2\/tags?post=131078"}],"curies":[{"name":"wp","href":"https:\/\/api.w.org\/{rel}","templated":true}]}}