{"id":131084,"date":"2026-01-09T20:17:10","date_gmt":"2026-01-09T20:17:10","guid":{"rendered":"https:\/\/www.europesays.com\/se\/131084\/"},"modified":"2026-01-09T20:17:10","modified_gmt":"2026-01-09T20:17:10","slug":"hundratusentals-franska-hushall-utan-strom","status":"publish","type":"post","link":"https:\/\/www.europesays.com\/se\/131084\/","title":{"rendered":"Hundratusentals franska hush\u00e5ll utan str\u00f6m"},"content":{"rendered":"<p>Omkring 380\u202f000 hush\u00e5ll i Frankrike st\u00e5r str\u00f6ml\u00f6sa p\u00e5 grund av stormen Goretti, rapporterar TT. <\/p>\n<p>De mest utsatta omr\u00e5dena \u00e4r i norra Frankrike. Bara i Normandie \u00e4r 266\u202f000 hush\u00e5ll str\u00f6ml\u00f6sa. Men enligt franska myndigheter har inga allvarliga skador rapporterats under natten, skriver Le Monde.<\/p>\n<p>H\u00e5rda vindbyar har h\u00e4rjat under natten, vissa med hastigheter p\u00e5 \u00f6ver 55 meter per sekund. Men under morgonen har nattens r\u00f6da varning kunnat nedgraderas till orange.<\/p>\n<p>Skolor h\u00e5lls st\u00e4ngda under fredagen, och m\u00e4nniskor i de drabbade omr\u00e5dena uppmanas att stanna inomhus. \u00d6ver 2\u202f000 tekniker har mobiliserats.<\/p>\n<p>Omni \u00e4r politiskt obundna och oberoende. Vi str\u00e4var efter att ge fler perspektiv p\u00e5 nyheterna. Har du fr\u00e5gor eller synpunkter kring v\u00e5r rapportering? <a href=\"https:\/\/omni.se\/hundratusentals-franska-hushall-utan-strom\/a\/mailto:redaktion@omni.se\" class=\"ArticleActions_contactLink__W2F1M\" rel=\"nofollow noopener\" target=\"_blank\">Kontakta redaktionen<\/a><\/p>\n","protected":false},"excerpt":{"rendered":"Omkring 380\u202f000 hush\u00e5ll i Frankrike st\u00e5r str\u00f6ml\u00f6sa p\u00e5 grund av stormen Goretti, rapporterar TT. De mest utsatta omr\u00e5dena&hellip;\n","protected":false},"author":2,"featured_media":131085,"comment_status":"","ping_status":"","sticky":false,"template":"","format":"standard","meta":{"footnotes":""},"categories":[14],"tags":[22,23,267,26,27,266,17,21,528,24,25,28,29,15,16,18,34,31,33,32,30,19,20,693,51,52,53,54],"class_list":{"0":"post-131084","1":"post","2":"type-post","3":"status-publish","4":"format-standard","5":"has-post-thumbnail","7":"category-varlden","8":"tag-breaking-news","9":"tag-breakingnews","10":"tag-europa","11":"tag-featured-news","12":"tag-featurednews","13":"tag-frankrike","14":"tag-headlines","15":"tag-huvudnyheter","16":"tag-klimat-miljo","17":"tag-latest-news","18":"tag-latestnews","19":"tag-main-news","20":"tag-mainnews","21":"tag-news","22":"tag-nyheter","23":"tag-rubriker","24":"tag-se","25":"tag-svenska","26":"tag-sverige","27":"tag-sweden","28":"tag-swedish","29":"tag-top-stories","30":"tag-topstories","31":"tag-vader","32":"tag-varlden","33":"tag-world","34":"tag-world-news","35":"tag-worldnews"},"share_on_mastodon":{"url":"https:\/\/pubeurope.com\/@se\/115866988909409680","error":""},"_links":{"self":[{"href":"https:\/\/www.europesays.com\/se\/wp-json\/wp\/v2\/posts\/131084","targetHints":{"allow":["GET"]}}],"collection":[{"href":"https:\/\/www.europesays.com\/se\/wp-json\/wp\/v2\/posts"}],"about":[{"href":"https:\/\/www.europesays.com\/se\/wp-json\/wp\/v2\/types\/post"}],"author":[{"embeddable":true,"href":"https:\/\/www.europesays.com\/se\/wp-json\/wp\/v2\/users\/2"}],"replies":[{"embeddable":true,"href":"https:\/\/www.europesays.com\/se\/wp-json\/wp\/v2\/comments?post=131084"}],"version-history":[{"count":0,"href":"https:\/\/www.europesays.com\/se\/wp-json\/wp\/v2\/posts\/131084\/revisions"}],"wp:featuredmedia":[{"embeddable":true,"href":"https:\/\/www.europesays.com\/se\/wp-json\/wp\/v2\/media\/131085"}],"wp:attachment":[{"href":"https:\/\/www.europesays.com\/se\/wp-json\/wp\/v2\/media?parent=131084"}],"wp:term":[{"taxonomy":"category","embeddable":true,"href":"https:\/\/www.europesays.com\/se\/wp-json\/wp\/v2\/categories?post=131084"},{"taxonomy":"post_tag","embeddable":true,"href":"https:\/\/www.europesays.com\/se\/wp-json\/wp\/v2\/tags?post=131084"}],"curies":[{"name":"wp","href":"https:\/\/api.w.org\/{rel}","templated":true}]}}