{"id":131086,"date":"2026-01-09T20:18:19","date_gmt":"2026-01-09T20:18:19","guid":{"rendered":"https:\/\/www.europesays.com\/se\/131086\/"},"modified":"2026-01-09T20:18:19","modified_gmt":"2026-01-09T20:18:19","slug":"ingemar-i-sundsvall-fick-blodpropp-raddades-av-ake-med-traktorskopa","status":"publish","type":"post","link":"https:\/\/www.europesays.com\/se\/131086\/","title":{"rendered":"Ingemar i Sundsvall fick blodpropp \u2013 r\u00e4ddades av \u00c5ke med traktorskopa"},"content":{"rendered":"<p>\u201dJag kommer inte h\u00e4rifr\u00e5n.\u201d <\/p>\n<p>S\u00e5 beskriver Ingemar Edblom k\u00e4nslan n\u00e4r han blev fast i sn\u00f6n p\u00e5 torsdagen. <\/p>\n<p>Gick ut f\u00f6r att skotta<\/p>\n<p>Han hade g\u00e5tt ut f\u00f6r att skotta undan sn\u00f6massorna som fallit under natten, n\u00e4r han drabbades av en blodpropp och inte kunde ta sig n\u00e5gonstans. N\u00e5got som P4 V\u00e4sternorrland var f\u00f6rst att ber\u00e4tta. <\/p>\n<p>\u2013 Jag t\u00e4nkte inte ens p\u00e5 att larma 112, fast jag har appen p\u00e5 telefonen, s\u00e4ger han fr\u00e5n IVA d\u00e4r han nu v\u00e5rdas. <\/p>\n<p>R\u00e4ddades av \u00c5ke <\/p>\n<p>Att han tog sig till sjukhuset \u00e4r \u00c5ke Tjernells f\u00f6rtj\u00e4nst. Han var ute med traktorn, n\u00e4r han fick ett samtal fr\u00e5n Ingemar. <\/p>\n<p>\u2013 Jag kunde inte prata, men jag fick honom att f\u00f6rst\u00e5 att det var jag, s\u00e4ger Ingemar Edblom. <\/p>\n<p>H\u00f6r honom ber\u00e4tta om den dramatiska h\u00e4ndelsen i videon. <\/p>\n","protected":false},"excerpt":{"rendered":"\u201dJag kommer inte h\u00e4rifr\u00e5n.\u201d S\u00e5 beskriver Ingemar Edblom k\u00e4nslan n\u00e4r han blev fast i sn\u00f6n p\u00e5 torsdagen. Gick&hellip;\n","protected":false},"author":2,"featured_media":131087,"comment_status":"","ping_status":"","sticky":false,"template":"","format":"standard","meta":{"footnotes":""},"categories":[12],"tags":[22,23,26,27,17,21,24,25,28,29,15,16,18,34,31,33,32,30,19,20],"class_list":{"0":"post-131086","1":"post","2":"type-post","3":"status-publish","4":"format-standard","5":"has-post-thumbnail","7":"category-sverige","8":"tag-breaking-news","9":"tag-breakingnews","10":"tag-featured-news","11":"tag-featurednews","12":"tag-headlines","13":"tag-huvudnyheter","14":"tag-latest-news","15":"tag-latestnews","16":"tag-main-news","17":"tag-mainnews","18":"tag-news","19":"tag-nyheter","20":"tag-rubriker","21":"tag-se","22":"tag-svenska","23":"tag-sverige","24":"tag-sweden","25":"tag-swedish","26":"tag-top-stories","27":"tag-topstories"},"share_on_mastodon":{"url":"https:\/\/pubeurope.com\/@se\/115866992850045598","error":""},"_links":{"self":[{"href":"https:\/\/www.europesays.com\/se\/wp-json\/wp\/v2\/posts\/131086","targetHints":{"allow":["GET"]}}],"collection":[{"href":"https:\/\/www.europesays.com\/se\/wp-json\/wp\/v2\/posts"}],"about":[{"href":"https:\/\/www.europesays.com\/se\/wp-json\/wp\/v2\/types\/post"}],"author":[{"embeddable":true,"href":"https:\/\/www.europesays.com\/se\/wp-json\/wp\/v2\/users\/2"}],"replies":[{"embeddable":true,"href":"https:\/\/www.europesays.com\/se\/wp-json\/wp\/v2\/comments?post=131086"}],"version-history":[{"count":0,"href":"https:\/\/www.europesays.com\/se\/wp-json\/wp\/v2\/posts\/131086\/revisions"}],"wp:featuredmedia":[{"embeddable":true,"href":"https:\/\/www.europesays.com\/se\/wp-json\/wp\/v2\/media\/131087"}],"wp:attachment":[{"href":"https:\/\/www.europesays.com\/se\/wp-json\/wp\/v2\/media?parent=131086"}],"wp:term":[{"taxonomy":"category","embeddable":true,"href":"https:\/\/www.europesays.com\/se\/wp-json\/wp\/v2\/categories?post=131086"},{"taxonomy":"post_tag","embeddable":true,"href":"https:\/\/www.europesays.com\/se\/wp-json\/wp\/v2\/tags?post=131086"}],"curies":[{"name":"wp","href":"https:\/\/api.w.org\/{rel}","templated":true}]}}