{"id":131088,"date":"2026-01-09T20:19:19","date_gmt":"2026-01-09T20:19:19","guid":{"rendered":"https:\/\/www.europesays.com\/se\/131088\/"},"modified":"2026-01-09T20:19:19","modified_gmt":"2026-01-09T20:19:19","slug":"utlastning-av-sno-i-centrala-ornskoldsvik-ornskoldsviks-kommun","status":"publish","type":"post","link":"https:\/\/www.europesays.com\/se\/131088\/","title":{"rendered":"Utlastning av sn\u00f6 i centrala \u00d6rnsk\u00f6ldsvik &#8211; \u00d6rnsk\u00f6ldsviks kommun"},"content":{"rendered":"<ol>\n<li><a href=\"https:\/\/news.google.com\/rss\/articles\/CBMikgFBVV95cUxNdmlkSTlFU2dUdWFrNVRGaDgtSjBRNTg4ZXpyTXJ4bXA0b3VwZHlmcHZPX2JpUlZJaTlqSnRMLV9RR0d2WktnNmItZlA5SHdWOXJjdWQ1cU1yTlphc1pPV2g2VDVPOTkwMDltMy13emZCenNwa1d1OTh0ZEwzZTVFcXpUel9NakF3X0NTUWlLR3pOUQ?oc=5\" target=\"_blank\" rel=\"nofollow noopener\">Utlastning av sn\u00f6 i centrala \u00d6rnsk\u00f6ldsvik<\/a>&nbsp;&nbsp;\u00d6rnsk\u00f6ldsviks kommun<\/li>\n<li><a href=\"https:\/\/news.google.com\/rss\/articles\/CBMickFVX3lxTE9FOGVRUHNjWG15dl90eXpWOW9uSVJJb2N1MTZJbkhpX2hjTXk0c1RFMEtvNldOZXM1ZW80cFFwWFVIamUwbEgwa081QmtMQmZ1d2xWUWN2OXNYcEJWV0N0R1JiVnBpOFhsMFNFVl9BNzczdw?oc=5\" target=\"_blank\" rel=\"nofollow noopener\">BILDEXTRA: Se bilderna fr\u00e5n sn\u00f6ov\u00e4dret<\/a>&nbsp;&nbsp;Allehanda.se<\/li>\n<li><a href=\"https:\/\/news.google.com\/rss\/articles\/CBMilgFBVV95cUxQWXF5V1lVb2tLTFdPRnFNUFYxN2twVkxCRHdJMmhvSUVkeG9PN2diSEsyR0dUT2I3d1BNNkh6dWN2VC1OdGVqQnc0R243Z3Y4WUlORzViakt3VmlmZkpIcXlGSDM2ZEhCdjl5LWFtWTdVWnR0RWZGeFBaY05PcGlJLWtkTkNKa3dTQ3JEcEswbHY2TUprS0E?oc=5\" target=\"_blank\" rel=\"nofollow noopener\">Extremv\u00e4dret har n\u00e5tt kusten \u2013 Albin tvingades h\u00e4mta hem barnen<\/a>&nbsp;&nbsp;ETC.se<\/li>\n<li><a href=\"https:\/\/news.google.com\/rss\/articles\/CBMijwFBVV95cUxOS29pY3FucTd1RjZOU0lVanRvWjZnNEFrSG82MEM1VC11TGpJN2o1aUhYbUVSTVNhczVNWUh4akpmVHZoV2ZMUjluUWRzRU5LU295Z2Y3X3RkeGhzbHltR19QSDBRN3hKc3ZDSFVBbm1EX3Q0WG9QSGdhbFNzcGFhNV95ZWx4bkRIQXZsUXlwbw?oc=5\" target=\"_blank\" rel=\"nofollow noopener\">Parkeringsf\u00f6rbud under sn\u00f6r\u00f6jning i helgen<\/a>&nbsp;&nbsp;Nordsverige<\/li>\n<li><a href=\"https:\/\/news.google.com\/rss\/articles\/CBMigwFBVV95cUxNWXhVdHBnMHJfdG8xRS1rbTh3TG9mMHYyeHJNeUYxOHBVSURoakpJZEY2SmFBX1Zjb3ZrTzNwcUJvbWhoM1h6dDdMWFZUdGFieUp3QkVka0xYYUp0eTBNRVFPTXpkOEJPekJoa2ZvejlOM01oR044a0U5R1hKaWhmNFh6TQ?oc=5\" target=\"_blank\" rel=\"nofollow noopener\">SMHI: D\u00e4rf\u00f6r blev det r\u00f6d varning i \u00d6-vik<\/a>&nbsp;&nbsp;Allehanda.se<\/li>\n<\/ol>\n","protected":false},"excerpt":{"rendered":"Utlastning av sn\u00f6 i centrala \u00d6rnsk\u00f6ldsvik&nbsp;&nbsp;\u00d6rnsk\u00f6ldsviks kommun BILDEXTRA: Se bilderna fr\u00e5n sn\u00f6ov\u00e4dret&nbsp;&nbsp;Allehanda.se Extremv\u00e4dret har n\u00e5tt kusten \u2013 Albin&hellip;\n","protected":false},"author":2,"featured_media":131089,"comment_status":"","ping_status":"","sticky":false,"template":"","format":"standard","meta":{"footnotes":""},"categories":[5],"tags":[22,23,26,27,17,21,24,25,28,29,15,16,18,34,31,33,32,30,19,20],"class_list":{"0":"post-131088","1":"post","2":"type-post","3":"status-publish","4":"format-standard","5":"has-post-thumbnail","7":"category-rubriker","8":"tag-breaking-news","9":"tag-breakingnews","10":"tag-featured-news","11":"tag-featurednews","12":"tag-headlines","13":"tag-huvudnyheter","14":"tag-latest-news","15":"tag-latestnews","16":"tag-main-news","17":"tag-mainnews","18":"tag-news","19":"tag-nyheter","20":"tag-rubriker","21":"tag-se","22":"tag-svenska","23":"tag-sverige","24":"tag-sweden","25":"tag-swedish","26":"tag-top-stories","27":"tag-topstories"},"share_on_mastodon":{"url":"https:\/\/pubeurope.com\/@se\/115866996758707561","error":""},"_links":{"self":[{"href":"https:\/\/www.europesays.com\/se\/wp-json\/wp\/v2\/posts\/131088","targetHints":{"allow":["GET"]}}],"collection":[{"href":"https:\/\/www.europesays.com\/se\/wp-json\/wp\/v2\/posts"}],"about":[{"href":"https:\/\/www.europesays.com\/se\/wp-json\/wp\/v2\/types\/post"}],"author":[{"embeddable":true,"href":"https:\/\/www.europesays.com\/se\/wp-json\/wp\/v2\/users\/2"}],"replies":[{"embeddable":true,"href":"https:\/\/www.europesays.com\/se\/wp-json\/wp\/v2\/comments?post=131088"}],"version-history":[{"count":0,"href":"https:\/\/www.europesays.com\/se\/wp-json\/wp\/v2\/posts\/131088\/revisions"}],"wp:featuredmedia":[{"embeddable":true,"href":"https:\/\/www.europesays.com\/se\/wp-json\/wp\/v2\/media\/131089"}],"wp:attachment":[{"href":"https:\/\/www.europesays.com\/se\/wp-json\/wp\/v2\/media?parent=131088"}],"wp:term":[{"taxonomy":"category","embeddable":true,"href":"https:\/\/www.europesays.com\/se\/wp-json\/wp\/v2\/categories?post=131088"},{"taxonomy":"post_tag","embeddable":true,"href":"https:\/\/www.europesays.com\/se\/wp-json\/wp\/v2\/tags?post=131088"}],"curies":[{"name":"wp","href":"https:\/\/api.w.org\/{rel}","templated":true}]}}