{"id":131094,"date":"2026-01-09T20:23:09","date_gmt":"2026-01-09T20:23:09","guid":{"rendered":"https:\/\/www.europesays.com\/se\/131094\/"},"modified":"2026-01-09T20:23:09","modified_gmt":"2026-01-09T20:23:09","slug":"youtube-later-dig-filtrera-bort-shorts-i-sokresultatet","status":"publish","type":"post","link":"https:\/\/www.europesays.com\/se\/131094\/","title":{"rendered":"Youtube l\u00e5ter dig filtrera bort Shorts i s\u00f6kresultatet"},"content":{"rendered":"<p>Youtube inf\u00f6r nu <a href=\"https:\/\/idg.digidip.net\/visit?url=https:\/\/support.google.com\/youtube\/thread\/400586735?hl=en&amp;currurl=https:\/\/www.m3.se\/article\/3028242\/youtube-later-dig-filtrera-bort-shorts-i-sokresultatet.html&amp;ref=9-1-3028242-1-0-0-0-0\" rel=\"nofollow noopener\" data-subtag=\"9-1-3028242-1-0-0-0-0\" data-domain-name=\"google\" target=\"_blank\">nya s\u00f6kfilter<\/a> som g\u00f6r det m\u00f6jligt att v\u00e4lja om du vill se enbart Shorts eller l\u00e4ngre videor i s\u00f6kresultatet \u2013 n\u00e5got som inte gick tidigare.<\/p>\n<p>Plattformen l\u00e4gger \u00e4ven till ett nytt filter f\u00f6r \u201cPopularitet\u201d, som ers\u00e4tter det tidigare alternativet \u201cVisningar\u201d. Det nya filtret ska inte bara ta h\u00e4nsyn till antalet visningar utan ocks\u00e5 se till tittartid och relevans.<\/p>\n<p>Samtidigt tas filtren \u201cUppladdad senaste timmen\u201d och \u201cSortera efter betyg\u201d bort, eftersom de enligt Youtube inte fungerade som avsett.<\/p>\n<p>Dessutom byter menyn \u201cSortera efter\u201d namn till \u201cPrioritera\u201d, i syfte att g\u00f6ra filtren tydligare och mer anv\u00e4ndbara.<\/p>\n","protected":false},"excerpt":{"rendered":"Youtube inf\u00f6r nu nya s\u00f6kfilter som g\u00f6r det m\u00f6jligt att v\u00e4lja om du vill se enbart Shorts eller&hellip;\n","protected":false},"author":2,"featured_media":131095,"comment_status":"","ping_status":"","sticky":false,"template":"","format":"standard","meta":{"footnotes":""},"categories":[66],"tags":[80,78,79,34,31,33,32,30,81,84,83,82],"class_list":{"0":"post-131094","1":"post","2":"type-post","3":"status-publish","4":"format-standard","5":"has-post-thumbnail","7":"category-vetenskap-och-teknik","8":"tag-science","9":"tag-science-and-technology","10":"tag-scienceandtechnology","11":"tag-se","12":"tag-svenska","13":"tag-sverige","14":"tag-sweden","15":"tag-swedish","16":"tag-technology","17":"tag-teknik","18":"tag-vetenskap","19":"tag-vetenskapteknik"},"share_on_mastodon":{"url":"https:\/\/pubeurope.com\/@se\/115867012444834203","error":""},"_links":{"self":[{"href":"https:\/\/www.europesays.com\/se\/wp-json\/wp\/v2\/posts\/131094","targetHints":{"allow":["GET"]}}],"collection":[{"href":"https:\/\/www.europesays.com\/se\/wp-json\/wp\/v2\/posts"}],"about":[{"href":"https:\/\/www.europesays.com\/se\/wp-json\/wp\/v2\/types\/post"}],"author":[{"embeddable":true,"href":"https:\/\/www.europesays.com\/se\/wp-json\/wp\/v2\/users\/2"}],"replies":[{"embeddable":true,"href":"https:\/\/www.europesays.com\/se\/wp-json\/wp\/v2\/comments?post=131094"}],"version-history":[{"count":0,"href":"https:\/\/www.europesays.com\/se\/wp-json\/wp\/v2\/posts\/131094\/revisions"}],"wp:featuredmedia":[{"embeddable":true,"href":"https:\/\/www.europesays.com\/se\/wp-json\/wp\/v2\/media\/131095"}],"wp:attachment":[{"href":"https:\/\/www.europesays.com\/se\/wp-json\/wp\/v2\/media?parent=131094"}],"wp:term":[{"taxonomy":"category","embeddable":true,"href":"https:\/\/www.europesays.com\/se\/wp-json\/wp\/v2\/categories?post=131094"},{"taxonomy":"post_tag","embeddable":true,"href":"https:\/\/www.europesays.com\/se\/wp-json\/wp\/v2\/tags?post=131094"}],"curies":[{"name":"wp","href":"https:\/\/api.w.org\/{rel}","templated":true}]}}