{"id":131096,"date":"2026-01-09T20:25:13","date_gmt":"2026-01-09T20:25:13","guid":{"rendered":"https:\/\/www.europesays.com\/se\/131096\/"},"modified":"2026-01-09T20:25:13","modified_gmt":"2026-01-09T20:25:13","slug":"trump-dikterar-venezuelas-oljehandel","status":"publish","type":"post","link":"https:\/\/www.europesays.com\/se\/131096\/","title":{"rendered":"Trump dikterar Venezuelas oljehandel"},"content":{"rendered":"<p>Detta \u00e4r en kommenterande text. Skribenten svarar f\u00f6r analys och st\u00e4llningstaganden i texten.<\/p>\n<p>Trump har varit tydlig. Venezuelas regim m\u00e5ste kapa banden till sina tidigare allierade Kina, Ryssland, Iran och Kuba. Utl\u00e4ndska milit\u00e4ra r\u00e5dgivare och underr\u00e4ttelseagenter fr\u00e5n dessa l\u00e4nder ska utvisas. Endast ett f\u00e5tal diplomater till\u00e5ts stanna kvar. Enligt Trump har regimen accepterat kraven \u2013 och dessutom g\u00e5tt med p\u00e5 att leverera upp till 50 miljoner fat olja till USA, till ett v\u00e4rde av omkring 15 miljarder kronor.<\/p>\n<p>Det mest uppseendev\u00e4ckande \u00e4r dock villkoren f\u00f6r int\u00e4kterna. Pengarna fr\u00e5n oljeexporten f\u00e5r endast investeras i amerikanska produkter.<\/p>\n<p>\u2013 Med andra ord f\u00f6rbinder sig Venezuela att g\u00f6ra USA till sin fr\u00e4msta handelspartner, skriver Trump p\u00e5 sociala medier.<\/p>\n<p><strong>Utrikesminister Marco Rubio<\/strong> har samtidigt presenterat en trestegsplan f\u00f6r hur regimen i Venezuela m\u00e5ste agera f\u00f6r att undvika ytterligare amerikanska milit\u00e4ra operationer. I den f\u00f6rsta fasen ska landet stabiliseras och de v\u00e4pnade miliser som kontrollerar flera stadsdelar i Caracas avv\u00e4pnas. Den andra fasen, som Rubio kallar \u201d\u00e5terh\u00e4mtning\u201d, inneb\u00e4r att regimen m\u00e5ste s\u00e4kerst\u00e4lla att amerikanska och v\u00e4sterl\u00e4ndska f\u00f6retag f\u00e5r r\u00e4ttvis tillg\u00e5ng till den venezuelanska marknaden.<\/p>\n<p>I denna fas ing\u00e5r \u00e4ven frigivning av politiska f\u00e5ngar och mottagande av venezuelaner som tvingats g\u00e5 i exil. F\u00f6rst i den tredje fasen n\u00e4mner Rubio att regimen ska l\u00e4mna ifr\u00e5n sig makten och f\u00f6rbereda landet f\u00f6r en \u00e5terg\u00e5ng till demokratiskt styre.<\/p>\n<p>\u2013 Det venezuelanska folket f\u00e5r i uppgift att omvandla sitt land, s\u00e4ger han.<\/p>\n<p>Vita husets pressekreterare Karoline Leavitt bekr\u00e4ftar att USA kommer att diktera villkoren f\u00f6r processen.<\/p>\n<p>\u2013 Vi har i nul\u00e4get maximalt inflytande \u00f6ver Venezuelas myndigheter, s\u00e4ger hon.<\/p>\n<p><strong>P\u00e5 pappret framst\u00e5r det<\/strong> som om USA n\u00e5tt en \u00f6verenskommelse med Venezuelas nya ledare Delcy Rodr\u00edguez om landets framtid. Men fr\u00e5gan \u00e4r om den \u00e4r genomf\u00f6rbar. Under det senaste decenniet har regimen \u00f6verlevt genom att s\u00e4lja framtida oljeleveranser till Kina och Ryssland. Venezuela \u00e4r s\u00e5 skuldsatt att landet inte kommer att vara skuldfritt p\u00e5 m\u00e5nga, m\u00e5nga \u00e5r. Om USA tvingar fram ett stopp f\u00f6r den venezuelanska oljeexporten till Kina l\u00e4r det f\u00e5 l\u00e5ngtg\u00e5ende konsekvenser.<\/p>\n<blockquote class=\"ds-quote\">\n<p>    Venezuela \u00e4r s\u00e5 skuldsatt att landet inte kommer att vara skuldfritt p\u00e5 m\u00e5nga, m\u00e5nga \u00e5r.\n  <\/p><\/blockquote>\n<p>Fr\u00e5gan \u00e4r ocks\u00e5 hur Delcy Rodr\u00edguez ska kunna \u00f6verleva politiskt om hon uppfattas som att hon s\u00e4ljer ut landet till USA. F\u00f6r bara n\u00e5gra dagar sedan sade hon att hon aldrig skulle acceptera att Venezuela skulle bli en amerikansk koloni. Om Trumps uppgifter st\u00e4mmer har hon just gjort motsatsen.<\/p>\n<p>Det \u00e4r dock f\u00e5 som tror att hon faktiskt har g\u00e5tt med p\u00e5 villkoren. Regimens antiamerikanska retorik har i \u00e5rtionden byggt p\u00e5 att utm\u00e5la USA som sin huvudfiende. Att Rodr\u00edguez frivilligt skulle acceptera att s\u00e4lja all venezuelansk olja till v\u00e4stv\u00e4rlden, bryta med sina allierade och dessutom f\u00f6rbinda sig att anv\u00e4nda int\u00e4kterna till ink\u00f6p av amerikanska produkter framst\u00e5r som osannolikt.<\/p>\n<p><strong>Samtidigt har USA demonstrerat<\/strong> en milit\u00e4r kapacitet som \u00f6vertr\u00e4ffat vad m\u00e5nga trodde var m\u00f6jligt. Operationen d\u00e4r amerikanska styrkor fl\u00f6g in med helikoptrar och grep Nicol\u00e1s Maduro \u2013 landets mest bevakade person \u2013 visar att USA n\u00e4r som helst kan sl\u00e5 till igen. Trump har redan varnat f\u00f6r att Delcy Rodr\u00edguez kan m\u00f6ta ett \u00f6de v\u00e4rre \u00e4n Maduros om hon inte lever upp till de l\u00f6ften Vita huset h\u00e4vdar att hon har gett.<\/p>\n<p>Mycket tyder p\u00e5 att Delcy Rodr\u00edguez f\u00f6rs\u00f6ker k\u00f6pa sig tid. Hon kan ha accepterat USA:s villkor f\u00f6r att f\u00f6rbereda sin egen retr\u00e4tt och s\u00e4kra en framtid f\u00f6r sig sj\u00e4lv och sin innersta krets den dag regimen faller. USA erbj\u00f6d Maduro exil i Turkiet \u2013 ett erbjudande han tackade nej till. I dag sitter han i ett av USA:s v\u00e4rsta h\u00e4kten i New York.<\/p>\n<p>Fr\u00e5gan \u00e4r vart Delcy Rodr\u00edguez ska ta v\u00e4gen om regimen faller. Om hon s\u00e4ljer ut Venezuelas oljereserver till USA \u00e4r det l\u00e5ngt ifr\u00e5n s\u00e4kert att ens Kuba vill ta emot henne.<\/p>\n","protected":false},"excerpt":{"rendered":"Detta \u00e4r en kommenterande text. Skribenten svarar f\u00f6r analys och st\u00e4llningstaganden i texten. Trump har varit tydlig. Venezuelas&hellip;\n","protected":false},"author":2,"featured_media":131097,"comment_status":"","ping_status":"","sticky":false,"template":"","format":"standard","meta":{"footnotes":""},"categories":[14],"tags":[22,23,26,27,17,21,24,25,28,29,15,16,18,34,31,33,32,30,19,20,51,52,53,54],"class_list":{"0":"post-131096","1":"post","2":"type-post","3":"status-publish","4":"format-standard","5":"has-post-thumbnail","7":"category-varlden","8":"tag-breaking-news","9":"tag-breakingnews","10":"tag-featured-news","11":"tag-featurednews","12":"tag-headlines","13":"tag-huvudnyheter","14":"tag-latest-news","15":"tag-latestnews","16":"tag-main-news","17":"tag-mainnews","18":"tag-news","19":"tag-nyheter","20":"tag-rubriker","21":"tag-se","22":"tag-svenska","23":"tag-sverige","24":"tag-sweden","25":"tag-swedish","26":"tag-top-stories","27":"tag-topstories","28":"tag-varlden","29":"tag-world","30":"tag-world-news","31":"tag-worldnews"},"share_on_mastodon":{"url":"https:\/\/pubeurope.com\/@se\/115867020350321252","error":""},"_links":{"self":[{"href":"https:\/\/www.europesays.com\/se\/wp-json\/wp\/v2\/posts\/131096","targetHints":{"allow":["GET"]}}],"collection":[{"href":"https:\/\/www.europesays.com\/se\/wp-json\/wp\/v2\/posts"}],"about":[{"href":"https:\/\/www.europesays.com\/se\/wp-json\/wp\/v2\/types\/post"}],"author":[{"embeddable":true,"href":"https:\/\/www.europesays.com\/se\/wp-json\/wp\/v2\/users\/2"}],"replies":[{"embeddable":true,"href":"https:\/\/www.europesays.com\/se\/wp-json\/wp\/v2\/comments?post=131096"}],"version-history":[{"count":0,"href":"https:\/\/www.europesays.com\/se\/wp-json\/wp\/v2\/posts\/131096\/revisions"}],"wp:featuredmedia":[{"embeddable":true,"href":"https:\/\/www.europesays.com\/se\/wp-json\/wp\/v2\/media\/131097"}],"wp:attachment":[{"href":"https:\/\/www.europesays.com\/se\/wp-json\/wp\/v2\/media?parent=131096"}],"wp:term":[{"taxonomy":"category","embeddable":true,"href":"https:\/\/www.europesays.com\/se\/wp-json\/wp\/v2\/categories?post=131096"},{"taxonomy":"post_tag","embeddable":true,"href":"https:\/\/www.europesays.com\/se\/wp-json\/wp\/v2\/tags?post=131096"}],"curies":[{"name":"wp","href":"https:\/\/api.w.org\/{rel}","templated":true}]}}