{"id":131100,"date":"2026-01-09T20:27:17","date_gmt":"2026-01-09T20:27:17","guid":{"rendered":"https:\/\/www.europesays.com\/se\/131100\/"},"modified":"2026-01-09T20:27:17","modified_gmt":"2026-01-09T20:27:17","slug":"vittne-kan-ha-hort-vilma-anderssons-overfall-i-ronninge","status":"publish","type":"post","link":"https:\/\/www.europesays.com\/se\/131100\/","title":{"rendered":"Vittne kan ha h\u00f6rt Vilma Anderssons \u00f6verfall i R\u00f6nninge"},"content":{"rendered":"<p>Vilma Andersson, 26, misst\u00e4nks ha \u00f6verfallit, m\u00f6rdat och styckat den slumpm\u00e4ssigt utvalda 25-\u00e5riga kvinnan i R\u00f6nninge.<\/p>\n<p>Fler och fler pusselbitar kring styckmordet faller nu p\u00e5 plats.<\/p>\n<p>Det finns vittnen som b\u00e5de kan ha sett och h\u00f6rt delar av h\u00e4ndelsef\u00f6rloppet \u2013 som dessutom kan finnas inspelat p\u00e5 film.\u00a0<\/p>\n<p>Str\u00f6mmer efter R\u00f6nningemordet: \u201dF\u00f6rst\u00e5r synpunkterna\u201d.<img loading=\"lazy\"   alt=\"\"\/><\/p>\n<p>Vilma Andersson misst\u00e4nks f\u00f6r mordet.<\/p>\n<p>\u00d6ppna bild i helsk\u00e4rm<img loading=\"lazy\"   alt=\"\"\/><\/p>\n<p>G\u00e5ngv\u00e4g vid pendelt\u00e5gsstationen i R\u00f6nninge.<\/p>\n<p>Foto: PATRIK C \u00d6STERBERG<\/p>\n<p>\u00d6ppna bild i helsk\u00e4rm<\/p>\n<p>Bilden av vad som h\u00e4nde natten till annandagen i <a href=\"https:\/\/www.expressen.se\/tagg\/location\/ronninge\/\" class=\"\" rel=\"nofollow noopener\" target=\"_blank\">R\u00f6nninge<\/a> b\u00f6rjar l\u00e5ngsamt klarna.<\/p>\n<p>En 25-\u00e5rig kvinna, p\u00e5 bes\u00f6k i f\u00f6r\u00e4ldrahemmet \u00f6ver helgerna, hade varit ute med v\u00e4nner n\u00e4r hon \u00f6verf\u00f6lls p\u00e5 g\u00e5ngv\u00e4gen fr\u00e5n pendelt\u00e5get.<\/p>\n<p>Expressen kunde nyligen <a href=\"https:\/\/www.expressen.se\/nyheter\/krim\/uppgifter-polisen-missade-kroppen--hemma-hos-vilma-andersson\/\" rel=\"nofollow noopener\" target=\"_blank\">ber\u00e4tta nya detaljer fr\u00e5n utredningen kring mordet<\/a>.\u00a0<\/p>\n<p>Allt tyder p\u00e5 att misst\u00e4nkte g\u00e4rningsmannen Vilma Andersson, 26, gett sig ut p\u00e5 en planl\u00f6s jakt efter offer. Han satt i sin bil och spanade, utan mobiltelefonen som han hade l\u00e4mnat hemma \u2013 troligtvis f\u00f6r att undvika att l\u00e4mna digitala sp\u00e5r.<\/p>\n<p>N\u00e4r kvinnan kom g\u00e5ende har han skurit av trottoaren med sin bil, attackerat kvinnan och dragit in henne i bilen, enligt misstankarna. I samband med \u00f6verfallet str\u00f6ps kvinnan, enligt Expressens uppgifter.<\/p>\n<p>I tumultet hamnade flera saker p\u00e5 marken, bland annat en hammare och buntband. De hittades p\u00e5 f\u00f6rmiddagen, av kvinnans anh\u00f6riga, n\u00e4r de s\u00f6kte efter henne. En snabbanalys gav DNA-sp\u00e5r som pekade rakt till Vilma Andersson.<\/p>\n<p>Vid en f\u00f6rsta hemlig husrannsakan hemma hos Vilma Andersson hittades inga sp\u00e5r efter kvinnan.<\/p>\n<p><img loading=\"lazy\"   alt=\"\"\/><\/p>\n<p>Avsp\u00e4rrningar vid huset som Vilma Andersson hyrde.<\/p>\n<p>Foto: Janne Andersson \/ Swepix<\/p>\n<p>\u00d6ppna bild i helsk\u00e4rmVittne h\u00f6rde skrik eller rop<\/p>\n<p>Poliserna blev senare p\u00e5 dagen vittne till hur Vilma Anderson kom hem efter jobbet, gick in f\u00f6r att h\u00e4mta en spade och \u00e5kte till ett skogsomr\u00e5de. D\u00e4r greps han, p\u00e5 v\u00e4g att gr\u00e4va ner kvinnans kroppsdelar. Vid en ny husrannsakan hittades delar av kvinnans kropp i kylen.<\/p>\n<p>Vilma Andersson misst\u00e4nks ha styckat kroppen i badrummet i det lilla attefallshuset d\u00e4r han bodde.\u00a0<\/p>\n<p>En annan del av pusslet kring h\u00e4ndelsef\u00f6rloppet \u00e4r vittnen som befunnit sig i omr\u00e5det vid den aktuella tidpunkten och som har f\u00f6rh\u00f6rts ing\u00e5ende av polisen.<\/p>\n<p>Ett vittne har h\u00f6rt skrik eller rop som slutade v\u00e4ldigt abrupt, vilket vittnet ska ha reagerat p\u00e5 och uppfattat som underligt.<\/p>\n<p><img loading=\"lazy\"   alt=\"\"\/><\/p>\n<p>Minnesplats f\u00f6r den m\u00f6rdade kvinnan.<\/p>\n<p>Foto: Caisa Rasmussen\/ TT NYHETSBYR\u00c5N<\/p>\n<p>\u00d6ppna bild i helsk\u00e4rm\u00d6verfallet kan ha filmats<\/p>\n<p>En person har ocks\u00e5 reagerat p\u00e5 en bil som r\u00f6rt sig p\u00e5 ett mycket udda vis i omr\u00e5det, vid en tidpunkt som st\u00e4mmer \u00f6verens med tiden f\u00f6r brottet \u2013 runt halv tv\u00e5 p\u00e5 natten till annandagen.<\/p>\n<p>Det kan ocks\u00e5 vara s\u00e5 att hela \u00f6verfallet finns p\u00e5 film.\u00a0<\/p>\n<p>En \u00f6vervakningskamera finns placerad p\u00e5 en fastighet i n\u00e4rheten av trottoaren d\u00e4r Vilma Andersson ska ha blockerat v\u00e4gen f\u00f6r den 25-\u00e5riga kvinnan.<\/p>\n<p><img loading=\"lazy\"   alt=\"\"\/><\/p>\n<p>Skylt om kamera\u00f6vervakning p\u00e5 en fastighet i n\u00e4rheten.<\/p>\n<p>\u00d6ppna bild i helsk\u00e4rm<\/p>\n<p>Kameran kan vara riktad ned mot Berga bollplan och T\u00e4lls\u00e4trav\u00e4gen d\u00e4r fynden gjordes. En skylt placerad under kameran sl\u00e5r fast att det r\u00f6r sig om \u201dkamera\u00f6vervakning med inspelning och larmcentral\u201d.<\/p>\n<p>Vilma Andersson sitter h\u00e4ktad misst\u00e4nkt f\u00f6r mord och grovt gravfridsbrott. Han har erk\u00e4nt grovt gravfridsbrott, men inte mord.<\/p>\n<p><strong>L\u00c4S MER: <\/strong><a href=\"https:\/\/www.expressen.se\/nyheter\/krim\/uppgifter-polisen-missade-kroppen--hemma-hos-vilma-andersson\/\" class=\"\" rel=\"nofollow noopener\" target=\"_blank\">Uppgifter: Polisen missade kroppen  hemma hos Vilma Andersson<\/a><strong>L\u00c4S MER: <\/strong><a href=\"https:\/\/www.expressen.se\/nyheter\/sverige\/vilma-anderssons-slakting--det-ar-en-vriden-person-\/\" class=\"\" rel=\"nofollow noopener\" target=\"_blank\">Vilma Anderssons sl\u00e4kting:  \u201dDet \u00e4r en vriden person\u201d<\/a><img alt=\"\"\/>Ljudklippet gick inte att spela upp<\/p>\n<p>F\u00f6rs\u00f6k igen senare<\/p>\n<p>Stor minnesplats i R\u00f6nninge.<\/p>\n","protected":false},"excerpt":{"rendered":"Vilma Andersson, 26, misst\u00e4nks ha \u00f6verfallit, m\u00f6rdat och styckat den slumpm\u00e4ssigt utvalda 25-\u00e5riga kvinnan i R\u00f6nninge. Fler och&hellip;\n","protected":false},"author":2,"featured_media":131101,"comment_status":"","ping_status":"","sticky":false,"template":"","format":"standard","meta":{"footnotes":""},"categories":[5],"tags":[22,23,26,27,17,21,24,25,12658,28,29,15,12855,16,12888,18,34,666,31,33,32,30,19,436,20],"class_list":{"0":"post-131100","1":"post","2":"type-post","3":"status-publish","4":"format-standard","5":"has-post-thumbnail","7":"category-rubriker","8":"tag-breaking-news","9":"tag-breakingnews","10":"tag-featured-news","11":"tag-featurednews","12":"tag-headlines","13":"tag-huvudnyheter","14":"tag-latest-news","15":"tag-latestnews","16":"tag-location-ronninge","17":"tag-main-news","18":"tag-mainnews","19":"tag-news","20":"tag-newsstory-kvinna-mordad-i-ronninge","21":"tag-nyheter","22":"tag-person-vilma-andersson","23":"tag-rubriker","24":"tag-se","25":"tag-sections-krim","26":"tag-svenska","27":"tag-sverige","28":"tag-sweden","29":"tag-swedish","30":"tag-top-stories","31":"tag-topic-valdsbrott-mord","32":"tag-topstories"},"share_on_mastodon":{"url":"https:\/\/pubeurope.com\/@se\/115867028244417092","error":""},"_links":{"self":[{"href":"https:\/\/www.europesays.com\/se\/wp-json\/wp\/v2\/posts\/131100","targetHints":{"allow":["GET"]}}],"collection":[{"href":"https:\/\/www.europesays.com\/se\/wp-json\/wp\/v2\/posts"}],"about":[{"href":"https:\/\/www.europesays.com\/se\/wp-json\/wp\/v2\/types\/post"}],"author":[{"embeddable":true,"href":"https:\/\/www.europesays.com\/se\/wp-json\/wp\/v2\/users\/2"}],"replies":[{"embeddable":true,"href":"https:\/\/www.europesays.com\/se\/wp-json\/wp\/v2\/comments?post=131100"}],"version-history":[{"count":0,"href":"https:\/\/www.europesays.com\/se\/wp-json\/wp\/v2\/posts\/131100\/revisions"}],"wp:featuredmedia":[{"embeddable":true,"href":"https:\/\/www.europesays.com\/se\/wp-json\/wp\/v2\/media\/131101"}],"wp:attachment":[{"href":"https:\/\/www.europesays.com\/se\/wp-json\/wp\/v2\/media?parent=131100"}],"wp:term":[{"taxonomy":"category","embeddable":true,"href":"https:\/\/www.europesays.com\/se\/wp-json\/wp\/v2\/categories?post=131100"},{"taxonomy":"post_tag","embeddable":true,"href":"https:\/\/www.europesays.com\/se\/wp-json\/wp\/v2\/tags?post=131100"}],"curies":[{"name":"wp","href":"https:\/\/api.w.org\/{rel}","templated":true}]}}