{"id":131106,"date":"2026-01-09T20:31:20","date_gmt":"2026-01-09T20:31:20","guid":{"rendered":"https:\/\/www.europesays.com\/se\/131106\/"},"modified":"2026-01-09T20:31:20","modified_gmt":"2026-01-09T20:31:20","slug":"katrina-satts-upp-i-vasa-nasta-vecka","status":"publish","type":"post","link":"https:\/\/www.europesays.com\/se\/131106\/","title":{"rendered":"Katrina s\u00e4tts upp i Vasa n\u00e4sta vecka"},"content":{"rendered":"<p>F\u00f6rest\u00e4llningarna ges p\u00e5 Vasa stadsteater och enligt pressmeddelandet har biljettf\u00f6rs\u00e4ljningen g\u00e5tt bra. Sundback skriver att ensemblen till stora delar \u00e4r sig lik tidigare f\u00f6rest\u00e4llningar, men en skillnad \u00e4r att det \u00e4r Vasa stadsorkester som st\u00e5r f\u00f6r musiken.\u00a0<\/p>\n<p>Senare i \u00e5r ska musikteatern s\u00e4ttas upp i K\u00f6penhamn i slutet av september och i Stockholm i b\u00f6rjan av oktober.\u00a0<\/p>\n<p>Publicerad 9.1.2026 kl. 13:21<\/p>\n","protected":false},"excerpt":{"rendered":"F\u00f6rest\u00e4llningarna ges p\u00e5 Vasa stadsteater och enligt pressmeddelandet har biljettf\u00f6rs\u00e4ljningen g\u00e5tt bra. Sundback skriver att ensemblen till stora&hellip;\n","protected":false},"author":2,"featured_media":131107,"comment_status":"","ping_status":"","sticky":false,"template":"","format":"standard","meta":{"footnotes":""},"categories":[66],"tags":[13444,80,78,79,34,31,33,32,30,81,84,83,82],"class_list":{"0":"post-131106","1":"post","2":"type-post","3":"status-publish","4":"format-standard","5":"has-post-thumbnail","7":"category-vetenskap-och-teknik","8":"tag-katrina","9":"tag-science","10":"tag-science-and-technology","11":"tag-scienceandtechnology","12":"tag-se","13":"tag-svenska","14":"tag-sverige","15":"tag-sweden","16":"tag-swedish","17":"tag-technology","18":"tag-teknik","19":"tag-vetenskap","20":"tag-vetenskapteknik"},"share_on_mastodon":{"url":"https:\/\/pubeurope.com\/@se\/115867043905753687","error":""},"_links":{"self":[{"href":"https:\/\/www.europesays.com\/se\/wp-json\/wp\/v2\/posts\/131106","targetHints":{"allow":["GET"]}}],"collection":[{"href":"https:\/\/www.europesays.com\/se\/wp-json\/wp\/v2\/posts"}],"about":[{"href":"https:\/\/www.europesays.com\/se\/wp-json\/wp\/v2\/types\/post"}],"author":[{"embeddable":true,"href":"https:\/\/www.europesays.com\/se\/wp-json\/wp\/v2\/users\/2"}],"replies":[{"embeddable":true,"href":"https:\/\/www.europesays.com\/se\/wp-json\/wp\/v2\/comments?post=131106"}],"version-history":[{"count":0,"href":"https:\/\/www.europesays.com\/se\/wp-json\/wp\/v2\/posts\/131106\/revisions"}],"wp:featuredmedia":[{"embeddable":true,"href":"https:\/\/www.europesays.com\/se\/wp-json\/wp\/v2\/media\/131107"}],"wp:attachment":[{"href":"https:\/\/www.europesays.com\/se\/wp-json\/wp\/v2\/media?parent=131106"}],"wp:term":[{"taxonomy":"category","embeddable":true,"href":"https:\/\/www.europesays.com\/se\/wp-json\/wp\/v2\/categories?post=131106"},{"taxonomy":"post_tag","embeddable":true,"href":"https:\/\/www.europesays.com\/se\/wp-json\/wp\/v2\/tags?post=131106"}],"curies":[{"name":"wp","href":"https:\/\/api.w.org\/{rel}","templated":true}]}}