{"id":131112,"date":"2026-01-09T20:38:07","date_gmt":"2026-01-09T20:38:07","guid":{"rendered":"https:\/\/www.europesays.com\/se\/131112\/"},"modified":"2026-01-09T20:38:07","modified_gmt":"2026-01-09T20:38:07","slug":"kristian-luuk-ryter-ifran-efter-pikarna-i-pa-sparet","status":"publish","type":"post","link":"https:\/\/www.europesays.com\/se\/131112\/","title":{"rendered":"Kristian Luuk ryter ifr\u00e5n efter pikarna i \u201dP\u00e5 sp\u00e5ret\u201d"},"content":{"rendered":"<p>Publicerad 9 jan 2026 kl 21.22<\/p>\n<p>Fredrik Lindstr\u00f6ms pikar blir till slut f\u00f6r mycket f\u00f6r Kristian Luuk i \u201dP\u00e5 sp\u00e5ret\u201d.<\/p>\n<p>\u2013 Sluta, utbrister programledaren till domaren.<\/p>\n<p><img   alt=\"\"\/><\/p>\n<p>\u201dSluta\u201d, utbrister Luuk f\u00f6rst med ett leende.<\/p>\n<p>\u00d6ppna bild i helsk\u00e4rm<img loading=\"lazy\"   alt=\"\"\/><\/p>\n<p>\u201dSluta nu\u201d, utbrister han senare med n\u00e5got allvarligare min.<\/p>\n<p>\u00d6ppna bild i helsk\u00e4rm<img loading=\"lazy\"   alt=\"\"\/><\/p>\n<p>Lindstr\u00f6ms pikar f\u00e5r Luuk att ryta till.<\/p>\n<p>\u00d6ppna bild i helsk\u00e4rm<\/p>\n<p>N\u00e4r <a href=\"https:\/\/www.expressen.se\/tagg\/person\/kristian-luuk\/\" class=\"\" rel=\"nofollow noopener\" target=\"_blank\">Kristian Luuk<\/a> ska g\u00e5 igenom ledtr\u00e5darna f\u00f6r kv\u00e4llens f\u00f6rsta resm\u00e5l i \u201dP\u00e5 sp\u00e5ret\u201d blir det lite tokigt.<\/p>\n<p>\u2013 Vi sa svensk sten och det var det som var Swedish rock, s\u00e4ger han.<\/p>\n<p>\u2013 Sweden rock heter det Kristian, svarar domaren Fredrik Lindstr\u00f6m d\u00e5 och forts\u00e4tter sedan:<\/p>\n<p>\u2013 Kristian har inte varit p\u00e5 Sweden rock. Jag \u00e4r d\u00e4r och h\u00e4nger lite. Kristian har h\u00f6rt talas om det h\u00e4r med Swedish rock, det \u00e4r tydligen n\u00e5gonting med lite rockers som&#8230;<\/p>\n<p>Luuk avbryter d\u00e5:<\/p>\n<p>\u2013 Sluta, utbrister han med ett leende p\u00e5 l\u00e4pparna.<\/p>\n<p>Efter det f\u00f6rsta musiknumret forts\u00e4tter pikarna n\u00e4r Lindstr\u00f6m ber\u00e4ttar att b\u00e5da banden, vars l\u00e5tar precis spelades, har upptr\u00e4tt p\u00e5 Sweden rock.<\/p>\n<p>\u2013 Eller Swedish rock som Kristian skulle s\u00e4ga, s\u00e4ger Lindstr\u00f6m med glimten i \u00f6gat och v\u00e4nder sig mot programledaren.<\/p>\n<p>Det f\u00e5r Kristian att utbrista:<\/p>\n<p>\u2013 Sluta. Sluuta nu, medan de t\u00e4vlande lagen skrattar.<\/p>\n","protected":false},"excerpt":{"rendered":"Publicerad 9 jan 2026 kl 21.22 Fredrik Lindstr\u00f6ms pikar blir till slut f\u00f6r mycket f\u00f6r Kristian Luuk i&hellip;\n","protected":false},"author":2,"featured_media":131113,"comment_status":"","ping_status":"","sticky":false,"template":"","format":"standard","meta":{"footnotes":""},"categories":[67],"tags":[104,5222,1292,13028,34,645,31,33,32,30,105],"class_list":{"0":"post-131112","1":"post","2":"type-post","3":"status-publish","4":"format-standard","5":"has-post-thumbnail","7":"category-underhallning","8":"tag-entertainment","9":"tag-organization-pa-sparet","10":"tag-person-fredrik-lindstrom","11":"tag-person-kristian-luuk","12":"tag-se","13":"tag-sections-tv","14":"tag-svenska","15":"tag-sverige","16":"tag-sweden","17":"tag-swedish","18":"tag-underhallning"},"share_on_mastodon":{"url":"https:\/\/pubeurope.com\/@se\/115867071567684738","error":""},"_links":{"self":[{"href":"https:\/\/www.europesays.com\/se\/wp-json\/wp\/v2\/posts\/131112","targetHints":{"allow":["GET"]}}],"collection":[{"href":"https:\/\/www.europesays.com\/se\/wp-json\/wp\/v2\/posts"}],"about":[{"href":"https:\/\/www.europesays.com\/se\/wp-json\/wp\/v2\/types\/post"}],"author":[{"embeddable":true,"href":"https:\/\/www.europesays.com\/se\/wp-json\/wp\/v2\/users\/2"}],"replies":[{"embeddable":true,"href":"https:\/\/www.europesays.com\/se\/wp-json\/wp\/v2\/comments?post=131112"}],"version-history":[{"count":0,"href":"https:\/\/www.europesays.com\/se\/wp-json\/wp\/v2\/posts\/131112\/revisions"}],"wp:featuredmedia":[{"embeddable":true,"href":"https:\/\/www.europesays.com\/se\/wp-json\/wp\/v2\/media\/131113"}],"wp:attachment":[{"href":"https:\/\/www.europesays.com\/se\/wp-json\/wp\/v2\/media?parent=131112"}],"wp:term":[{"taxonomy":"category","embeddable":true,"href":"https:\/\/www.europesays.com\/se\/wp-json\/wp\/v2\/categories?post=131112"},{"taxonomy":"post_tag","embeddable":true,"href":"https:\/\/www.europesays.com\/se\/wp-json\/wp\/v2\/tags?post=131112"}],"curies":[{"name":"wp","href":"https:\/\/api.w.org\/{rel}","templated":true}]}}