{"id":131118,"date":"2026-01-09T20:45:21","date_gmt":"2026-01-09T20:45:21","guid":{"rendered":"https:\/\/www.europesays.com\/se\/131118\/"},"modified":"2026-01-09T20:45:21","modified_gmt":"2026-01-09T20:45:21","slug":"gusten-dahlin-nobbar-tv4s-allsvenska-sandningar-allsvenskan","status":"publish","type":"post","link":"https:\/\/www.europesays.com\/se\/131118\/","title":{"rendered":"Gusten Dahlin nobbar TV4:s allsvenska s\u00e4ndningar | Allsvenskan"},"content":{"rendered":"<p>Publicerad 9 jan 2026 kl 16.15Uppdaterad kl 19.35<\/p>\n<p>Gusten Dahlin, 36, har varit en \u00e5terkommande profil i TV4:s fotbollss\u00e4ndningar.<\/p>\n<p>Men n\u00e4r allsvenskan flyttar in hos kanalen s\u00e5 saknas han i rutan.<\/p>\n<p>Han har tackat nej till en forts\u00e4ttning p\u00e5 TV4.<\/p>\n<p>\u201dJag har haft otroligt fina \u00e5r d\u00e4r\u201d, skriver Dahlin i ett meddelande till Expressen.\u00a0<\/p>\n<p><img   alt=\"\"\/><\/p>\n<p>Gusten Dahlin.<\/p>\n<p>Foto: MATHIAS BERGELD \/ BILDBYR\u00c5N<\/p>\n<p>\u00d6ppna bild i helsk\u00e4rm<\/p>\n<p>Inf\u00f6r s\u00e4songen 2026 flyttar allsvenskan in hos <a href=\"https:\/\/www.expressen.se\/tagg\/organization\/tv4\/\" class=\"\" rel=\"nofollow noopener\" target=\"_blank\">TV4<\/a> igen. Kanalen har tagit \u00f6ver r\u00e4ttigheterna fr\u00e5n HBO Max och har s\u00e4krat ett avtal som g\u00e4ller 2026\u20132031.\u00a0<\/p>\n<p>Flera v\u00e4lk\u00e4nda profiler f\u00f6ljer med, bland andra Alexander Ax\u00e9n, Nordin Gerzic och Irma Helin Zibanejad.\u00a0<\/p>\n<p>En som d\u00e4remot inte kommer att medverka \u00e4r Gusten Dahlin, 36.<\/p>\n<p>Han bekr\u00e4ftar f\u00f6r Expressen att han slutar p\u00e5 TV4.<\/p>\n<p>\u201dJag kan bekr\u00e4fta att jag tackat nej till en forts\u00e4ttning p\u00e5 TV4 och att jag i och med det \u00f6nskar dem den st\u00f6rsta av lycka med allt som nu v\u00e4ntar. Jag har haft otroligt fina \u00e5r d\u00e4r med framf\u00f6r allt fantastiska kollegor och r\u00e4ttigheter och jag \u00e4r s\u00e4ker p\u00e5 att de kommer v\u00e5rda allsvenskan p\u00e5 b\u00e4sta s\u00e4tt\u201d, skriver han i ett meddelande.<\/p>\n<p>Gusten Dahlin slutar \u00e4ven som kr\u00f6nik\u00f6r f\u00f6r Fotbollskanalen.<\/p>\n<p>F\u00e4rre s\u00e4ndningar fr\u00e5n europeiska ligor<\/p>\n<p>Gusten Dahlin driver fotbollspodcasten \u201dTutto Balutto\u201d tillsammans med Thomas Wilbacher. D\u00e4rtill har han varit ett \u00e5terkommande ansikte som b\u00e5de programledare och reporter i TV4:s s\u00e4ndningar fr\u00e5n internationella ligor och m\u00e4sterskap.<\/p>\n<p>Programmet \u201dFotbollss\u00f6ndag Europa\u201d, som Dahlin var programledare f\u00f6r, s\u00e4ndes tidigare p\u00e5 veckobasis.<\/p>\n<p>Nuf\u00f6rtiden \u00e4r det bara utvalda matcher som ackompanjeras av en studios\u00e4ndning.<\/p>\n<p>\u2013 Den studion \u00e4r kvar tills dess att vi tar s\u00e4songen i m\u00e5l. Men den \u00e4r inte varje vecka, s\u00e4ger Johan Cederqvist, sportchef p\u00e5 TV4.<\/p>\n<p>Granqvist medverkar: \u201dKan bekr\u00e4fta\u201d<\/p>\n<p>Expressen erfar att det blir Lasse Granqvist och Petra Svensson som kommer att programleda de allsvenska s\u00e4ndningarna. Den sistn\u00e4mnda \u00e4r redan presenterad som en del av satsningen.<\/p>\n<p>\u2013 Jag kan inte s\u00e4ga s\u00e5 mycket om det nu, vi \u00e5terkommer med det n\u00e4r vi har mer att s\u00e4ga, s\u00e4ger Johan Cederqvist och forts\u00e4tter:<\/p>\n<p>\u2013 Lasse \u00e4r en stor del av TV4-sporten i dag. Att han kommer att figurera i v\u00e5ra allsvenska s\u00e4ndningar, det kan jag bekr\u00e4fta. Exakt hur, det f\u00e5r vi \u00e5terkomma till.<\/p>\n<p>Allsvenskan 2026 inleds den f\u00f6rsta helgen i april.<\/p>\n","protected":false},"excerpt":{"rendered":"Publicerad 9 jan 2026 kl 16.15Uppdaterad kl 19.35 Gusten Dahlin, 36, har varit en \u00e5terkommande profil i TV4:s&hellip;\n","protected":false},"author":2,"featured_media":131119,"comment_status":"","ping_status":"","sticky":false,"template":"","format":"standard","meta":{"footnotes":""},"categories":[68],"tags":[384,34,130,129,111,110,31,33,32,30],"class_list":{"0":"post-131118","1":"post","2":"type-post","3":"status-publish","4":"format-standard","5":"has-post-thumbnail","7":"category-sport","8":"tag-organization-tv4","9":"tag-se","10":"tag-sections-allsvenskan","11":"tag-sections-fotboll","12":"tag-sport","13":"tag-sports","14":"tag-svenska","15":"tag-sverige","16":"tag-sweden","17":"tag-swedish"},"share_on_mastodon":{"url":"https:\/\/pubeurope.com\/@se\/115867099006995895","error":""},"_links":{"self":[{"href":"https:\/\/www.europesays.com\/se\/wp-json\/wp\/v2\/posts\/131118","targetHints":{"allow":["GET"]}}],"collection":[{"href":"https:\/\/www.europesays.com\/se\/wp-json\/wp\/v2\/posts"}],"about":[{"href":"https:\/\/www.europesays.com\/se\/wp-json\/wp\/v2\/types\/post"}],"author":[{"embeddable":true,"href":"https:\/\/www.europesays.com\/se\/wp-json\/wp\/v2\/users\/2"}],"replies":[{"embeddable":true,"href":"https:\/\/www.europesays.com\/se\/wp-json\/wp\/v2\/comments?post=131118"}],"version-history":[{"count":0,"href":"https:\/\/www.europesays.com\/se\/wp-json\/wp\/v2\/posts\/131118\/revisions"}],"wp:featuredmedia":[{"embeddable":true,"href":"https:\/\/www.europesays.com\/se\/wp-json\/wp\/v2\/media\/131119"}],"wp:attachment":[{"href":"https:\/\/www.europesays.com\/se\/wp-json\/wp\/v2\/media?parent=131118"}],"wp:term":[{"taxonomy":"category","embeddable":true,"href":"https:\/\/www.europesays.com\/se\/wp-json\/wp\/v2\/categories?post=131118"},{"taxonomy":"post_tag","embeddable":true,"href":"https:\/\/www.europesays.com\/se\/wp-json\/wp\/v2\/tags?post=131118"}],"curies":[{"name":"wp","href":"https:\/\/api.w.org\/{rel}","templated":true}]}}