{"id":131123,"date":"2026-01-09T20:53:11","date_gmt":"2026-01-09T20:53:11","guid":{"rendered":"https:\/\/www.europesays.com\/se\/131123\/"},"modified":"2026-01-09T20:53:11","modified_gmt":"2026-01-09T20:53:11","slug":"sa-manga-arskort-har-allsvenska-lagen-salt-allsvenskan","status":"publish","type":"post","link":"https:\/\/www.europesays.com\/se\/131123\/","title":{"rendered":"S\u00e5 m\u00e5nga \u00e5rskort har allsvenska lagen s\u00e5lt &#8211; Allsvenskan"},"content":{"rendered":"<p><strong>AIK<\/strong><\/p>\n<p><strong>S\u00e5lda \u00e5rskort: <\/strong>\u00d6ver 17 500 stycken. <\/p>\n<p>AIK st\u00e4ngde i grunden \u00e5rskortsf\u00f6rs\u00e4ljningen den 31 december, men med anledning av tekniska problem, s\u00e5 \u00e5terupptogs f\u00f6rs\u00e4ljningen i dag, fredag, f\u00f6r ett dygn. &#8221;Gnaget&#8221; har just nu slagit f\u00f6rra \u00e5rets 17 500 s\u00e5lda \u00e5rskort och det s\u00e4ljs allts\u00e5 fler s\u00e4songskort det h\u00e4r dygnet. <\/p>\n<p>AIK gav i m\u00e5ndags besked om sin \u00e5rskortsf\u00f6rs\u00e4ljning.<\/p>\n<p><strong>BK H\u00c4CKEN<\/strong><\/p>\n<p><strong>S\u00e5lda \u00e5rskort: <\/strong>720 stycken. <\/p>\n<p>Anna Ek, marknadschef:<\/p>\n<p>&#8221;Det vi kan konstatera \u00e4r att intresset \u00e4r fortsatt starkt. F\u00f6r herrlaget ligger vi i fas med f\u00f6rra \u00e5ret, vilket \u00e4r stabilt och positivt&#8221;. <\/p>\n<p>H\u00e4cken gav under torsdagen besked om sin \u00e5rskortsf\u00f6rs\u00e4ljning.<\/p>\n<p><strong>DEGERFORS IF<\/strong><\/p>\n<p><strong>S\u00e5lda \u00e5rskort: <\/strong>Cirka 400 stycken. <\/p>\n<p>Maja Edlund, biljetter och privatmarknad:<\/p>\n<p>&#8221;F\u00f6rra \u00e5ret vid den h\u00e4r tidpunkten hade vi s\u00e5lt cirka 430 \u00e5rskort (ej f\u00f6retag medr\u00e4knat). I \u00e5r ligger vi i n\u00e4stan samma m\u00e4ngd, cirka 400. Samma g\u00e4ller h\u00e4r, utan f\u00f6retagen inr\u00e4knade&#8221;. <\/p>\n<p>Degerfors gav under torsdagen besked om sin \u00e5rskortsf\u00f6rs\u00e4ljning.<\/p>\n<p><strong>DJURG\u00c5RDENS IF<\/strong><\/p>\n<p><strong>S\u00e5lda \u00e5rskort:<\/strong> 12\u00a0888 stycken.<\/p>\n<p>Olle Arnell, pressansvarig:<\/p>\n<p>\u201dVi har s\u00e5lt 12\u00a0888 s\u00e4songskort, vilket ligger en bit l\u00e4ngre fram j\u00e4mf\u00f6rt med f\u00f6rra \u00e5ret. Vi kommer att n\u00e5 v\u00e5rt maxantal p\u00e5 15\u00a0000 s\u00e4songskort, s\u00e5 det b\u00f6rjar bli dags att k\u00f6pa f\u00f6r de som \u00e4nnu inte har gjort det\u201d.<\/p>\n<p>Djurg\u00e5rden gav i m\u00e5ndags besked om sin \u00e5rskortsf\u00f6rs\u00e4ljning.<\/p>\n<p><strong>GAIS<\/strong><\/p>\n<p><strong>S\u00e5lda \u00e5rskort:<\/strong> 4 400 stycken. <\/p>\n<p>Enligt <a href=\"https:\/\/www.gp.se\/sport\/fotboll\/gais\/gais-arskortssucce-slar-rekord-i-forsaljningen-.9612b812-62a7-479b-9e7d-d10d621f70c4\" target=\"_blank\" rel=\"nofollow noopener\">GP<\/a>, under fredagen, \u00e4r det ett nytt internt rekord vad g\u00e4ller \u00e5rskort. <\/p>\n<p><strong>HALMSTADS BK<\/strong><\/p>\n<p><strong>S\u00e5lda \u00e5rskort: <\/strong>1 200 stycken.<\/p>\n<p>HBK gav under torsdagen besked om sin \u00e5rskortsf\u00f6rs\u00e4ljning.<\/p>\n<p><strong>HAMMARBY IF<\/strong><\/p>\n<p><strong>S\u00e5lda \u00e5rskort: <\/strong>16 000 stycken. <\/p>\n<p>David Jesperson Mora, pressansvarig:<\/p>\n<p>&#8221;Vi har s\u00e5lt slut s\u00e4songskorten inf\u00f6r 2026 efter att ha n\u00e5tt v\u00e5rt tak p\u00e5 16 000 s\u00e5lda s\u00e4songskort. Efter att ha avslutat s\u00e4songskortsf\u00f6rnyelsen i b\u00f6rjan av december fanns cirka 400 s\u00e4songskort kvar att s\u00e4lja. Resterande platser har f\u00f6rdelats i tur och ordning till de som st\u00e5r i v\u00e5r s\u00e4songskortsk\u00f6 och d\u00e4rmed n\u00e5r vi \u00e5terigen maxantalet f\u00f6r s\u00e5lda s\u00e4songskort&#8221;. <\/p>\n<p>Hammarby gav under torsdagen besked om sin \u00e5rskortsf\u00f6rs\u00e4ljning.<\/p>\n<p><strong>IF BROMMAPOJKARNA<\/strong><\/p>\n<p><strong>S\u00e5lda \u00e5rskort:<\/strong> Cirka 38 stycken.<\/p>\n<p>Philip K\u00e4mpe, kommunikat\u00f6r:<\/p>\n<p>\u201dVi brukar komma strax \u00f6ver 100, s\u00e5 jag skulle s\u00e4ga att vi \u00e4r hyfsat i fas, d\u00e5 det \u00e4r samma personer som brukar k\u00f6pa biljetterna\u201d.<\/p>\n<p>BP gav under torsdagen besked om sin \u00e5rskortsf\u00f6rs\u00e4ljning.<\/p>\n<p><strong>IF ELFSBORG<\/strong><\/p>\n<p><strong>S\u00e5lda \u00e5rskort:<\/strong> Cirka 3\u00a0700 stycken.<\/p>\n<p>Alexander Siniorg, publikrekryterare\/biljettansvarig:<\/p>\n<p>\u201dVi ligger p\u00e5 cirka 3\u00a0700 s\u00e5lda, vilket \u00e4r n\u00e4stan precis som samma datum f\u00f6reg\u00e5ende \u00e5r\u201d.<\/p>\n<p>Elfsborg gav i m\u00e5ndags besked om sin \u00e5rskortsf\u00f6rs\u00e4ljning.<\/p>\n<p><strong>IFK G\u00d6TEBORG<\/strong><\/p>\n<p><strong>S\u00e5lda \u00e5rskort:<\/strong> 9\u00a0000 stycken.<\/p>\n<p>Marcus Mod\u00e9er, kommunikationschef:<\/p>\n<p>\u201dMaxtaket f\u00f6r tredje \u00e5ret i rad. Vi startade f\u00f6rs\u00e4ljningen tidigare, s\u00e5 s\u00e5lde slut enligt plan f\u00f6re jul\u201d.<\/p>\n<p>IFK G\u00f6teborg gav i m\u00e5ndags besked om sin \u00e5rskortsf\u00f6rs\u00e4ljning.<\/p>\n<p><strong>IK SIRIUS<\/strong><\/p>\n<p><strong>S\u00e5lda \u00e5rskort:<\/strong> 1\u00a0145 stycken.<\/p>\n<p>Melker Gunillasson, biljett- och merchandiseansvarig:<\/p>\n<p>\u201dVi har s\u00e5lt 1\u00a0145 kort i skrivande stund. Det \u00e4r exakt 100 stycken kort fler \u00e4n 7 januari 2025\u201d.<\/p>\n<p>IK Sirius gav i onsdags besked om sin \u00e5rskortsf\u00f6rs\u00e4ljning.<\/p>\n<p><strong>KALMAR FF<\/strong><\/p>\n<p><strong>S\u00e5lda \u00e5rskort:<\/strong> Cirka 1\u00a0000 stycken.<\/p>\n<p>David M\u00e5seg\u00e5rd, klubbchef:<\/p>\n<p>\u201dVi ser ett stort intresse runt f\u00f6reningen just nu och kan konstatera att m\u00e5nga av k\u00f6parna kommer fr\u00e5n nya personer, vilket \u00e4r riktigt roligt. I nul\u00e4get ligger vi i niv\u00e5 med f\u00f6rra \u00e5ret samma tid, runt 1 000 s\u00e5lda s\u00e4songskort. Skillnaden j\u00e4mf\u00f6rt med i fjol \u00e4r att vi arbetade h\u00e5rdare med rabatter och kampanjer kopplat till v\u00e5r s\u00e4song i superettan. Det \u00e4r viktigt att komma ih\u00e5g att f\u00f6rnyelseperioden f\u00f6r v\u00e5ra befintliga s\u00e4songskortsinnehavare p\u00e5g\u00e5r till 28 februari och vi vet att m\u00e5nga inte har f\u00f6rnyat \u00e4n. K\u00e4nns bra och vi f\u00f6ljer v\u00e5r plan\u201d.<\/p>\n<p>Kalmar gav i m\u00e5ndags besked om sin \u00e5rskortsf\u00f6rs\u00e4ljning.<\/p>\n<p><strong>MALM\u00d6 FF<\/strong><\/p>\n<p><strong>S\u00e5lda \u00e5rskort:<\/strong> Strax \u00f6ver 12\u00a0500 stycken.<\/p>\n<p>Anna Nordstr\u00f6m Carlsson. CCO &#8211; marknadschef:<\/p>\n<p>\u201dVi ligger i paritet med f\u00f6rra \u00e5ret med strax \u00f6ver 12 500 s\u00e5lda av max 14 000. Vi sl\u00e4pper upp i v\u00e5rt f\u00f6rturssystem \u2019Mitt MFF\u2019 den 13\/1 och finns det sedan kvar vid det allm\u00e4nna sl\u00e4ppet den 26\/1, s\u00e5 sl\u00e4pper vi upp dem. Vi \u00e4r n\u00f6jda och k\u00e4nner att m\u00e5nga \u00e4r taggade inf\u00f6r en ny s\u00e4song\u201d.<\/p>\n<p>MFF gav i m\u00e5ndags besked om sin \u00e5rskortsf\u00f6rs\u00e4ljning.<\/p>\n<p><strong>MJ\u00c4LLBY AIF<\/strong><\/p>\n<p><strong>S\u00e5lda \u00e5rskort:<\/strong> 1\u00a0944 stycken privata \u00e5rskort.<\/p>\n<p>Emelie Lindstr\u00f6m:<\/p>\n<p>\u201dVi har i dagsl\u00e4get s\u00e5lt 1\u00a0944 privata \u00e5rskort och vid samma tidpunkt f\u00f6reg\u00e5ende \u00e5r l\u00e5g vi p\u00e5 909 stycken. S\u00e5 det \u00e4r 113 procents \u00f6kning. Ut\u00f6ver detta kommer cirka 550 \u00e5rskort f\u00f6r f\u00f6retag\u201d.<\/p>\n<p>Mj\u00e4llby gav i onsdags besked om sin \u00e5rskortsf\u00f6rs\u00e4ljning.<\/p>\n<p><strong>V\u00c4STER\u00c5S SK<\/strong><\/p>\n<p><strong>S\u00e5lda \u00e5rskort:<\/strong> 2 000 stycken.<\/p>\n<p>Anders Tengstr\u00f6m, kontaktperson media:<\/p>\n<p>\u201d2 000 i \u00e5r, 1 000 samma tid f\u00f6rra \u00e5ret\u201d.<\/p>\n<p>VSK gav i tisdags besked om sin \u00e5rskortsf\u00f6rs\u00e4ljning.<\/p>\n<p><strong>\u00d6RGRYTE IS<\/strong><\/p>\n<p><strong>S\u00e5lda \u00e5rskort:<\/strong> 2\u00a0445 stycken.<\/p>\n<p>Jacob Ryder, kontaktperson media:<\/p>\n<p>\u201dCirka 1\u00a0300 samma tid i fjol\u201d.<\/p>\n<p>\u00d6rgrytes siffra \u00e4r h\u00e4mtad fr\u00e5n klubbens hemsida under fredagen. <\/p>\n","protected":false},"excerpt":{"rendered":"AIK S\u00e5lda \u00e5rskort: \u00d6ver 17 500 stycken. AIK st\u00e4ngde i grunden \u00e5rskortsf\u00f6rs\u00e4ljningen den 31 december, men med anledning&hellip;\n","protected":false},"author":2,"featured_media":131124,"comment_status":"","ping_status":"","sticky":false,"template":"","format":"standard","meta":{"footnotes":""},"categories":[68],"tags":[34,111,110,31,33,32,30],"class_list":{"0":"post-131123","1":"post","2":"type-post","3":"status-publish","4":"format-standard","5":"has-post-thumbnail","7":"category-sport","8":"tag-se","9":"tag-sport","10":"tag-sports","11":"tag-svenska","12":"tag-sverige","13":"tag-sweden","14":"tag-swedish"},"share_on_mastodon":{"url":"https:\/\/pubeurope.com\/@se\/115867130453789362","error":""},"_links":{"self":[{"href":"https:\/\/www.europesays.com\/se\/wp-json\/wp\/v2\/posts\/131123","targetHints":{"allow":["GET"]}}],"collection":[{"href":"https:\/\/www.europesays.com\/se\/wp-json\/wp\/v2\/posts"}],"about":[{"href":"https:\/\/www.europesays.com\/se\/wp-json\/wp\/v2\/types\/post"}],"author":[{"embeddable":true,"href":"https:\/\/www.europesays.com\/se\/wp-json\/wp\/v2\/users\/2"}],"replies":[{"embeddable":true,"href":"https:\/\/www.europesays.com\/se\/wp-json\/wp\/v2\/comments?post=131123"}],"version-history":[{"count":0,"href":"https:\/\/www.europesays.com\/se\/wp-json\/wp\/v2\/posts\/131123\/revisions"}],"wp:featuredmedia":[{"embeddable":true,"href":"https:\/\/www.europesays.com\/se\/wp-json\/wp\/v2\/media\/131124"}],"wp:attachment":[{"href":"https:\/\/www.europesays.com\/se\/wp-json\/wp\/v2\/media?parent=131123"}],"wp:term":[{"taxonomy":"category","embeddable":true,"href":"https:\/\/www.europesays.com\/se\/wp-json\/wp\/v2\/categories?post=131123"},{"taxonomy":"post_tag","embeddable":true,"href":"https:\/\/www.europesays.com\/se\/wp-json\/wp\/v2\/tags?post=131123"}],"curies":[{"name":"wp","href":"https:\/\/api.w.org\/{rel}","templated":true}]}}