{"id":131131,"date":"2026-01-09T21:09:15","date_gmt":"2026-01-09T21:09:15","guid":{"rendered":"https:\/\/www.europesays.com\/se\/131131\/"},"modified":"2026-01-09T21:09:15","modified_gmt":"2026-01-09T21:09:15","slug":"sfk-kan-fira-pask-med-premiar-pa-vallen","status":"publish","type":"post","link":"https:\/\/www.europesays.com\/se\/131131\/","title":{"rendered":"SFK kan fira p\u00e5sk med premi\u00e4r p\u00e5 Vallen"},"content":{"rendered":"<p class=\"ort\">Sollentuna<\/p>\n<p class=\"text\">Exakta avsparkstider \u00e4r inte fastst\u00e4llda men n\u00e5gon g\u00e5ng under p\u00e5skdagen, den 5 april, vankas det fotbollspremi\u00e4r p\u00e5 Vallen.<\/p>\n<p class=\"text\">2025 slutade Sollentuna FK p\u00e5 tionde plats efter en svag s\u00e4songsinledning men en b\u00e4ttre h\u00f6st.<\/p>\n<p>Har tappat rutin<\/p>\n<p class=\"text\">Premi\u00e4rmotst\u00e5ndarna Karlbergs BK knep platsen precis f\u00f6re SFK, p\u00e5 samma po\u00e4ng (39) men med b\u00e4ttre m\u00e5lskillnad.<\/p>\n<p class=\"text\">Hittills st\u00e5r det klart att tv\u00e5 rutinerade spelare l\u00e4mnar SFK \u2013 Fredrik Sandell och lagkaptenen Peter Soelberg med 70 respektive 82 seriematcher f\u00f6r klubben.<\/p>\n","protected":false},"excerpt":{"rendered":"Sollentuna Exakta avsparkstider \u00e4r inte fastst\u00e4llda men n\u00e5gon g\u00e5ng under p\u00e5skdagen, den 5 april, vankas det fotbollspremi\u00e4r p\u00e5&hellip;\n","protected":false},"author":2,"featured_media":131132,"comment_status":"","ping_status":"","sticky":false,"template":"","format":"standard","meta":{"footnotes":""},"categories":[68],"tags":[34,111,110,31,33,32,30],"class_list":{"0":"post-131131","1":"post","2":"type-post","3":"status-publish","4":"format-standard","5":"has-post-thumbnail","7":"category-sport","8":"tag-se","9":"tag-sport","10":"tag-sports","11":"tag-svenska","12":"tag-sverige","13":"tag-sweden","14":"tag-swedish"},"share_on_mastodon":{"url":"https:\/\/pubeurope.com\/@se\/115867193363080276","error":""},"_links":{"self":[{"href":"https:\/\/www.europesays.com\/se\/wp-json\/wp\/v2\/posts\/131131","targetHints":{"allow":["GET"]}}],"collection":[{"href":"https:\/\/www.europesays.com\/se\/wp-json\/wp\/v2\/posts"}],"about":[{"href":"https:\/\/www.europesays.com\/se\/wp-json\/wp\/v2\/types\/post"}],"author":[{"embeddable":true,"href":"https:\/\/www.europesays.com\/se\/wp-json\/wp\/v2\/users\/2"}],"replies":[{"embeddable":true,"href":"https:\/\/www.europesays.com\/se\/wp-json\/wp\/v2\/comments?post=131131"}],"version-history":[{"count":0,"href":"https:\/\/www.europesays.com\/se\/wp-json\/wp\/v2\/posts\/131131\/revisions"}],"wp:featuredmedia":[{"embeddable":true,"href":"https:\/\/www.europesays.com\/se\/wp-json\/wp\/v2\/media\/131132"}],"wp:attachment":[{"href":"https:\/\/www.europesays.com\/se\/wp-json\/wp\/v2\/media?parent=131131"}],"wp:term":[{"taxonomy":"category","embeddable":true,"href":"https:\/\/www.europesays.com\/se\/wp-json\/wp\/v2\/categories?post=131131"},{"taxonomy":"post_tag","embeddable":true,"href":"https:\/\/www.europesays.com\/se\/wp-json\/wp\/v2\/tags?post=131131"}],"curies":[{"name":"wp","href":"https:\/\/api.w.org\/{rel}","templated":true}]}}