{"id":131144,"date":"2026-01-09T21:39:18","date_gmt":"2026-01-09T21:39:18","guid":{"rendered":"https:\/\/www.europesays.com\/se\/131144\/"},"modified":"2026-01-09T21:39:18","modified_gmt":"2026-01-09T21:39:18","slug":"borgmastaren-lamna-kiev-svt-nyheter","status":"publish","type":"post","link":"https:\/\/www.europesays.com\/se\/131144\/","title":{"rendered":"Borgm\u00e4staren: L\u00e4mna Kiev | SVT Nyheter"},"content":{"rendered":"<p>H\u00e4lften av Kievs flerbostadshus \u00e4r utan v\u00e4rmef\u00f6rs\u00f6rjning efter Rysslands attack mot huvudstaden natten mot fredagen. Borgm\u00e4staren Vitalij Klytjko uppmanar dem som kan att l\u00e4mna Kiev.<\/p>\n<p>Med anledning av kylan uppmanar Klytjko dem som kan att tillf\u00e4lligt l\u00e4mna staden och ta sig till platser d\u00e4r det finns el och v\u00e4rme.<\/p>\n<p>Enligt Klytjko har str\u00f6mf\u00f6rs\u00f6rjningen \u00e5teruppr\u00e4ttats f\u00f6r sjukhus och f\u00f6rlossningskliniker, med hj\u00e4lp av mobila enheter, men att det alltj\u00e4mt r\u00e5der ett krisl\u00e4ge.<\/p>\n","protected":false},"excerpt":{"rendered":"H\u00e4lften av Kievs flerbostadshus \u00e4r utan v\u00e4rmef\u00f6rs\u00f6rjning efter Rysslands attack mot huvudstaden natten mot fredagen. Borgm\u00e4staren Vitalij Klytjko&hellip;\n","protected":false},"author":2,"featured_media":793,"comment_status":"","ping_status":"","sticky":false,"template":"","format":"standard","meta":{"footnotes":""},"categories":[5],"tags":[22,23,26,27,17,21,24,25,28,29,15,16,18,34,31,33,32,30,19,20],"class_list":{"0":"post-131144","1":"post","2":"type-post","3":"status-publish","4":"format-standard","5":"has-post-thumbnail","7":"category-rubriker","8":"tag-breaking-news","9":"tag-breakingnews","10":"tag-featured-news","11":"tag-featurednews","12":"tag-headlines","13":"tag-huvudnyheter","14":"tag-latest-news","15":"tag-latestnews","16":"tag-main-news","17":"tag-mainnews","18":"tag-news","19":"tag-nyheter","20":"tag-rubriker","21":"tag-se","22":"tag-svenska","23":"tag-sverige","24":"tag-sweden","25":"tag-swedish","26":"tag-top-stories","27":"tag-topstories"},"share_on_mastodon":{"url":"https:\/\/pubeurope.com\/@se\/115867311285693217","error":""},"_links":{"self":[{"href":"https:\/\/www.europesays.com\/se\/wp-json\/wp\/v2\/posts\/131144","targetHints":{"allow":["GET"]}}],"collection":[{"href":"https:\/\/www.europesays.com\/se\/wp-json\/wp\/v2\/posts"}],"about":[{"href":"https:\/\/www.europesays.com\/se\/wp-json\/wp\/v2\/types\/post"}],"author":[{"embeddable":true,"href":"https:\/\/www.europesays.com\/se\/wp-json\/wp\/v2\/users\/2"}],"replies":[{"embeddable":true,"href":"https:\/\/www.europesays.com\/se\/wp-json\/wp\/v2\/comments?post=131144"}],"version-history":[{"count":0,"href":"https:\/\/www.europesays.com\/se\/wp-json\/wp\/v2\/posts\/131144\/revisions"}],"wp:featuredmedia":[{"embeddable":true,"href":"https:\/\/www.europesays.com\/se\/wp-json\/wp\/v2\/media\/793"}],"wp:attachment":[{"href":"https:\/\/www.europesays.com\/se\/wp-json\/wp\/v2\/media?parent=131144"}],"wp:term":[{"taxonomy":"category","embeddable":true,"href":"https:\/\/www.europesays.com\/se\/wp-json\/wp\/v2\/categories?post=131144"},{"taxonomy":"post_tag","embeddable":true,"href":"https:\/\/www.europesays.com\/se\/wp-json\/wp\/v2\/tags?post=131144"}],"curies":[{"name":"wp","href":"https:\/\/api.w.org\/{rel}","templated":true}]}}