{"id":131152,"date":"2026-01-09T21:54:48","date_gmt":"2026-01-09T21:54:48","guid":{"rendered":"https:\/\/www.europesays.com\/se\/131152\/"},"modified":"2026-01-09T21:54:48","modified_gmt":"2026-01-09T21:54:48","slug":"regionen-oforstaende-om-hur-undermaligt-cosmic-ar-lakartidningen","status":"publish","type":"post","link":"https:\/\/www.europesays.com\/se\/131152\/","title":{"rendered":"Regionen of\u00f6rst\u00e5ende om hur underm\u00e5ligt Cosmic \u00e4r \u2013 L\u00e4kartidningen"},"content":{"rendered":"<p>\t\t\t\t<img alt=\"\" class=\"MediaWrapper-content BodyImage-imageObject\" src=\"https:\/\/www.europesays.com\/se\/wp-content\/uploads\/2026\/01\/RegionDalarna4.jpg\" data-lazy-load-target=\"content\" width=\"1060\" height=\"706\" loading=\"eager\" decoding=\"async\" fetchpriority=\"high\"\/><\/p>\n<p>\n\t\t\t\t\tRegionkontoret, Region Dalarna.<br \/>\n\t\t\t\t\t\t\tFoto: Helena Wrete\n\t\t\t\t\t\t\t\t\t<\/p>\n<p>Oron bland l\u00e4karna i Region Dalarna var stor <a href=\"https:\/\/lakartidningen.se\/nyheter\/lakare-bavar-infor-dalarnas-overgang-till-cosmic\/\" data-type=\"link\" data-id=\"https:\/\/lakartidningen.se\/nyheter\/lakare-bavar-infor-dalarnas-overgang-till-cosmic\/\" rel=\"nofollow noopener\" target=\"_blank\">redan f\u00f6re inf\u00f6randet av Cosmic<\/a>. Skulle man g\u00e5 fr\u00e5n ett hyfsat v\u00e4lfungerande journalsystem till ett s\u00e4mre? Fr\u00e5gar man l\u00e4karf\u00f6reningen s\u00e5 h\u00e4r tre m\u00e5nader efter inf\u00f6randet f\u00e5r man ett rungande ja till svar. Flera fackf\u00f6rbund, d\u00e4ribland l\u00e4karf\u00f6reningen, har <a href=\"https:\/\/lakartidningen.se\/nyheter\/dalarnas-lakarforening-vill-fa-tillbaka-gamla-journalsystemet\/\" data-type=\"link\" data-id=\"https:\/\/lakartidningen.se\/nyheter\/dalarnas-lakarforening-vill-fa-tillbaka-gamla-journalsystemet\/\" rel=\"nofollow noopener\" target=\"_blank\">kr\u00e4vt att f\u00e5 tillbaka det gamla journalsystemet<\/a> Take care, och strax f\u00f6re jul gjorde l\u00e4karnas skyddsombud ocks\u00e5 en 6:6a-anm\u00e4lan om den d\u00e5liga arbetsmilj\u00f6n p\u00e5 medicinkliniken i Falun efter inf\u00f6randet. <\/p>\n<p>Efter anm\u00e4lan har arbetsgivaren och skyddsombud tr\u00e4ffats och g\u00e5tt igenom regionens handlingsplan f\u00f6r att komma till r\u00e4tta med problemen. I svaret till Arbetsmilj\u00f6verket listar regionen ocks\u00e5 ett antal \u00e5tg\u00e4rder. Exempelvis har extrainsatta rondjourer satts in f\u00f6r att avlasta bakjourerna, d\u00e5 l\u00e4karna flaggat f\u00f6r att Cosmic lett till \u00f6kad stress och d\u00e4rmed oro f\u00f6r att g\u00f6ra allvarliga misstag. Man har ocks\u00e5 glesat ut mottagningstiderna p\u00e5 samtliga specialistmottagningar vid kliniken f\u00f6r att ge l\u00e4karna mer tid f\u00f6r administration.<\/p>\n<p>\n\t\tAnnons\t\t\t<\/p>\n<p>\t\t<a href=\"https:\/\/pro.novonordisk.se\/lakemedel\/ozempic.html?cid=paid3-nvqirmfzx7\" data-ad-target=\"link\" class=\"Ad-content\" rel=\"sponsored nofollow noopener\" target=\"_blank\"><\/p>\n<p>\t\t\t\t<img alt=\"Annons\" class=\"MediaWrapper-content Ad-image\" src=\"https:\/\/www.europesays.com\/se\/wp-content\/uploads\/2026\/01\/1767995688_929_ozempic-1404x720-lt.gif\" data-lazy-load-target=\"content\" width=\"468\" height=\"240\" loading=\"lazy\" decoding=\"async\" fetchpriority=\"auto\"\/><\/p>\n<p>\t\t<\/a><\/p>\n<p>Skyddsombudet Martin Agrell och l\u00e4karf\u00f6reningens Daniel Svedin skriver i ett mejl till L\u00e4kartidningen att arbetsgivarens svar inte \u00e4r s\u00e5 konkret som de hade \u00f6nskat, f\u00f6rutom punkten om att glesa ut patienterna. L\u00e4kargruppen har bland annat framf\u00f6rt en k\u00e4nsla av maktl\u00f6shet och att inte kunna p\u00e5verka sin arbetsmilj\u00f6. D\u00e4r \u00e4r regionens besked att divisionschefen nu ska delta p\u00e5 l\u00e4karnas morgonm\u00f6te en g\u00e5ng i m\u00e5naden, vilket Martin Agrell och Daniel Svedin anser \u00e4r ett otillfredsst\u00e4llande och abstrakt svar p\u00e5 kritiken.<\/p>\n<p>\u00bbVi \u00e4r oroade \u00f6ver att Region Dalarna inte p\u00e5 allvar f\u00f6rst\u00e5r vilken arbetsmilj\u00f6f\u00f6rs\u00e4mring det nya v\u00e5rdinformationssystemet\u00a0inneb\u00e4r. Det tar framf\u00f6r allt mycket mer tid och energi fr\u00e5n oss, j\u00e4mf\u00f6rt med tidigare. D\u00e5 m\u00e5ste man anpassa arbetsmilj\u00f6n till detta, om man har t\u00e4nkt sig att beh\u00e5lla detta underm\u00e5liga journalsystem. G\u00f6rs inte detta med konkreta arbetsmilj\u00f6\u00e5tg\u00e4rder s\u00e5 kommer vi sannolikt se \u00f6kade sjukskrivningstal och \u00f6kad psykisk oh\u00e4lsa bland l\u00e4karna\u00ab, skriver de.<\/p>\n<p>Daniel Svedin och Martin Agrell uppger att en dialog med Arbetsmilj\u00f6verket och Region Dalarna v\u00e4ntas inom kort. L\u00e4kartidningen s\u00f6ker l\u00e4karna f\u00f6r en intervju. <\/p>\n","protected":false},"excerpt":{"rendered":"Regionkontoret, Region Dalarna. Foto: Helena Wrete Oron bland l\u00e4karna i Region Dalarna var stor redan f\u00f6re inf\u00f6randet av&hellip;\n","protected":false},"author":2,"featured_media":131153,"comment_status":"","ping_status":"","sticky":false,"template":"","format":"standard","meta":{"footnotes":""},"categories":[12],"tags":[22,23,26,27,17,21,24,25,28,29,15,16,18,34,31,33,32,30,19,20],"class_list":{"0":"post-131152","1":"post","2":"type-post","3":"status-publish","4":"format-standard","5":"has-post-thumbnail","7":"category-sverige","8":"tag-breaking-news","9":"tag-breakingnews","10":"tag-featured-news","11":"tag-featurednews","12":"tag-headlines","13":"tag-huvudnyheter","14":"tag-latest-news","15":"tag-latestnews","16":"tag-main-news","17":"tag-mainnews","18":"tag-news","19":"tag-nyheter","20":"tag-rubriker","21":"tag-se","22":"tag-svenska","23":"tag-sverige","24":"tag-sweden","25":"tag-swedish","26":"tag-top-stories","27":"tag-topstories"},"share_on_mastodon":{"url":"https:\/\/pubeurope.com\/@se\/115867374214651188","error":""},"_links":{"self":[{"href":"https:\/\/www.europesays.com\/se\/wp-json\/wp\/v2\/posts\/131152","targetHints":{"allow":["GET"]}}],"collection":[{"href":"https:\/\/www.europesays.com\/se\/wp-json\/wp\/v2\/posts"}],"about":[{"href":"https:\/\/www.europesays.com\/se\/wp-json\/wp\/v2\/types\/post"}],"author":[{"embeddable":true,"href":"https:\/\/www.europesays.com\/se\/wp-json\/wp\/v2\/users\/2"}],"replies":[{"embeddable":true,"href":"https:\/\/www.europesays.com\/se\/wp-json\/wp\/v2\/comments?post=131152"}],"version-history":[{"count":0,"href":"https:\/\/www.europesays.com\/se\/wp-json\/wp\/v2\/posts\/131152\/revisions"}],"wp:featuredmedia":[{"embeddable":true,"href":"https:\/\/www.europesays.com\/se\/wp-json\/wp\/v2\/media\/131153"}],"wp:attachment":[{"href":"https:\/\/www.europesays.com\/se\/wp-json\/wp\/v2\/media?parent=131152"}],"wp:term":[{"taxonomy":"category","embeddable":true,"href":"https:\/\/www.europesays.com\/se\/wp-json\/wp\/v2\/categories?post=131152"},{"taxonomy":"post_tag","embeddable":true,"href":"https:\/\/www.europesays.com\/se\/wp-json\/wp\/v2\/tags?post=131152"}],"curies":[{"name":"wp","href":"https:\/\/api.w.org\/{rel}","templated":true}]}}