{"id":131158,"date":"2026-01-09T22:35:16","date_gmt":"2026-01-09T22:35:16","guid":{"rendered":"https:\/\/www.europesays.com\/se\/131158\/"},"modified":"2026-01-09T22:35:16","modified_gmt":"2026-01-09T22:35:16","slug":"missing-peoples-bilder-stjals-och-sprids-pa-facebook","status":"publish","type":"post","link":"https:\/\/www.europesays.com\/se\/131158\/","title":{"rendered":"Missing peoples bilder stj\u00e4ls och sprids p\u00e5 Facebook"},"content":{"rendered":"<p class=\"sc-c25743f0-0 sc-e37c0145-2 hObFds DQgPn\">Under de senaste veckorna har organisationen Missing people f\u00e5tt in flera anm\u00e4lningar om att andra tar deras bilder och l\u00e4gger upp dem som eget inneh\u00e5ll \u2013 nu senast har en AI-kopia p\u00e5 en bild av den f\u00f6rsvunna kvinnan i Uddevalla delats av en annan Facebooksida, <a href=\"https:\/\/kallkritikbyran.se\/klicksida-spred-missing-peoples-efterlysningsbild-omgjord-med-ai\/\" class=\"pcc\" target=\"_blank\" rel=\"noopener noreferrer nofollow\">n\u00e5got som K\u00e4llkritikbyr\u00e5n var f\u00f6rst med att rapportera om<\/a>.<\/p>\n<p class=\"sc-c25743f0-0 sc-e37c0145-2 hObFds DQgPn\">\u2013 Det \u00e4r ju j\u00e4ttebra n\u00e4r man delar v\u00e5ra efterlysningar. Vi uppdaterar alltid v\u00e5ra efterlysningar om det tillkommer n\u00e5got nytt och n\u00e4r personer \u00e5terfinns, s\u00e4ger Christina Hjalmarsson, enhetschef p\u00e5 Missing people. Hon forts\u00e4tter:<\/p>\n<p class=\"sc-c25743f0-0 sc-e37c0145-2 hObFds DQgPn\">\u2013 Men om man lyfter bilderna ur sitt sammanhang och skapar egna efterlysningar eller anv\u00e4nder bilderna i annat syfte \u00e4r det en oerh\u00f6rd brist p\u00e5 respekt mot den som \u00e4r p\u00e5 bilden och deras anh\u00f6riga.<\/p>\n<p class=\"sc-c25743f0-0 sc-e37c0145-2 hObFds DQgPn\">I inl\u00e4ggen v\u00e4djar alltid organisationen om att deras inl\u00e4gg ska delas \u2013 inte att bilderna ska sk\u00e4rmdumpas och l\u00e4ggas upp p\u00e5 egen hand.<\/p>\n<p class=\"sc-c25743f0-0 sc-e37c0145-2 hObFds DQgPn\">\u2013 N\u00e4r vi avslutar ett \u00e4rende plockar vi alltid bort bilden, oavsett om personen hittas levande eller avliden. Om man l\u00e4gger upp bilden sj\u00e4lv blir den ju kvar i all o\u00e4ndlighet. Det \u00e4r inte seri\u00f6st.<\/p>\n<p><img decoding=\"async\" loading=\"lazy\" src=\"https:\/\/www.europesays.com\/se\/wp-content\/uploads\/2026\/01\/1767998116_859_.jpeg\" class=\"sc-ecf79092-4 zsqbd\"\/><\/p>\n<p class=\"sc-c25743f0-0 gMtMnA\">Christina Hjalmarsson, enhetschef p\u00e5 Missing people.<\/p>\n<p><img decoding=\"async\" itemprop=\"contentUrl\" loading=\"lazy\" src=\"https:\/\/www.europesays.com\/se\/wp-content\/uploads\/2026\/01\/1767998116_859_.jpeg\" alt=\"\" class=\"sc-6521091-0 bNsjRS\"\/>Christina Hjalmarsson, enhetschef p\u00e5 Missing people.<\/p>\n<p class=\"sc-c25743f0-0 sc-4a1f9703-0 GnxaU hgdzHk\">Foto: Privat<\/p>\n<p>\u201dTragiskt att beh\u00f6va l\u00e4gga tid p\u00e5 det h\u00e4r&#8221;<\/p>\n<p class=\"sc-c25743f0-0 sc-e37c0145-2 hObFds DQgPn\">De senaste 14 dagarna har det h\u00e4r fenomenet \u00f6kat. Missing people f\u00e5r fler tips om vanliga bilder som laddats upp av andra sidor \u2013 men \u00e4ven AI-versioner av bilder.<\/p>\n<p class=\"sc-c25743f0-0 sc-e37c0145-2 hObFds DQgPn\">Det inneb\u00e4r att deras jour m\u00e5ste l\u00e4gga v\u00e4rdefull tid p\u00e5 att anm\u00e4la inl\u00e4gg i st\u00e4llet f\u00f6r att hj\u00e4lpa anh\u00f6riga till f\u00f6rsvunna personer.<\/p>\n<p class=\"sc-c25743f0-0 sc-e37c0145-2 hObFds DQgPn\">\u2013 Det \u00e4r oerh\u00f6rt tragiskt att vi ska beh\u00f6va l\u00e4gga tid p\u00e5 det h\u00e4r. Vi sitter h\u00e4r f\u00f6r att hj\u00e4lpa till att ta emot tips och iakttagelser, s\u00e4ger Christina Hjalmarsson.<\/p>\n<p>F\u00f6rsvaret: \u201dInnovation och effektivisering\u201d<\/p>\n<p class=\"sc-c25743f0-0 sc-e37c0145-2 hObFds DQgPn\">Sidan sj\u00e4lva f\u00f6rsvarar sig i kommentarsf\u00e4ltet med att de f\u00f6rst\u00e5r att de kan uppr\u00f6ra, men att de vill uts\u00e4tta Missing people f\u00f6r \u201dkonkurrens\u201d, n\u00e5got som ska s\u00e4tta fart p\u00e5 \u201dinnovation och effektivisering\u201d i samh\u00e4llet.<\/p>\n<p class=\"sc-c25743f0-0 sc-e37c0145-2 hObFds DQgPn\">\u2013 Jag f\u00f6rst\u00e5r inte det argumentet \u00f6verhuvudtaget, s\u00e4ger Hjalmarsson.<\/p>\n<p class=\"sc-c25743f0-0 sc-e37c0145-2 hObFds DQgPn\">Missing people \u00e4r en ideell organisation.<\/p>\n<p class=\"sc-c25743f0-0 sc-e37c0145-2 hObFds DQgPn\">Och trots att organisationen anm\u00e4ler alla inl\u00e4gg plockar Facebook inte bort alla, ber\u00e4ttar Christina Hjalmarsson.<\/p>\n<p class=\"sc-c25743f0-0 sc-e37c0145-2 hObFds DQgPn\">\u2013 Man ska vara v\u00e4ldigt f\u00f6rsiktig n\u00e4r man \u00e4r p\u00e5 Facebook. T\u00e4nk efter: Kan jag lita p\u00e5 den h\u00e4r sidan, och \u00e4r det bra om jag delar vidare detta? Om alla t\u00e4nker sig f\u00f6r hur de delar inl\u00e4gg skulle det h\u00e4r minska radikalt.<\/p>\n","protected":false},"excerpt":{"rendered":"Under de senaste veckorna har organisationen Missing people f\u00e5tt in flera anm\u00e4lningar om att andra tar deras bilder&hellip;\n","protected":false},"author":2,"featured_media":131159,"comment_status":"","ping_status":"","sticky":false,"template":"","format":"standard","meta":{"footnotes":""},"categories":[5],"tags":[22,23,26,27,17,21,24,25,28,29,15,16,18,34,31,33,32,30,19,20],"class_list":{"0":"post-131158","1":"post","2":"type-post","3":"status-publish","4":"format-standard","5":"has-post-thumbnail","7":"category-rubriker","8":"tag-breaking-news","9":"tag-breakingnews","10":"tag-featured-news","11":"tag-featurednews","12":"tag-headlines","13":"tag-huvudnyheter","14":"tag-latest-news","15":"tag-latestnews","16":"tag-main-news","17":"tag-mainnews","18":"tag-news","19":"tag-nyheter","20":"tag-rubriker","21":"tag-se","22":"tag-svenska","23":"tag-sverige","24":"tag-sweden","25":"tag-swedish","26":"tag-top-stories","27":"tag-topstories"},"share_on_mastodon":{"url":"https:\/\/pubeurope.com\/@se\/115867531532879812","error":""},"_links":{"self":[{"href":"https:\/\/www.europesays.com\/se\/wp-json\/wp\/v2\/posts\/131158","targetHints":{"allow":["GET"]}}],"collection":[{"href":"https:\/\/www.europesays.com\/se\/wp-json\/wp\/v2\/posts"}],"about":[{"href":"https:\/\/www.europesays.com\/se\/wp-json\/wp\/v2\/types\/post"}],"author":[{"embeddable":true,"href":"https:\/\/www.europesays.com\/se\/wp-json\/wp\/v2\/users\/2"}],"replies":[{"embeddable":true,"href":"https:\/\/www.europesays.com\/se\/wp-json\/wp\/v2\/comments?post=131158"}],"version-history":[{"count":0,"href":"https:\/\/www.europesays.com\/se\/wp-json\/wp\/v2\/posts\/131158\/revisions"}],"wp:featuredmedia":[{"embeddable":true,"href":"https:\/\/www.europesays.com\/se\/wp-json\/wp\/v2\/media\/131159"}],"wp:attachment":[{"href":"https:\/\/www.europesays.com\/se\/wp-json\/wp\/v2\/media?parent=131158"}],"wp:term":[{"taxonomy":"category","embeddable":true,"href":"https:\/\/www.europesays.com\/se\/wp-json\/wp\/v2\/categories?post=131158"},{"taxonomy":"post_tag","embeddable":true,"href":"https:\/\/www.europesays.com\/se\/wp-json\/wp\/v2\/tags?post=131158"}],"curies":[{"name":"wp","href":"https:\/\/api.w.org\/{rel}","templated":true}]}}