{"id":131173,"date":"2026-01-09T23:26:26","date_gmt":"2026-01-09T23:26:26","guid":{"rendered":"https:\/\/www.europesays.com\/se\/131173\/"},"modified":"2026-01-09T23:26:26","modified_gmt":"2026-01-09T23:26:26","slug":"elvira-obergs-os-besked-overlagsen-i-oberhof-2","status":"publish","type":"post","link":"https:\/\/www.europesays.com\/se\/131173\/","title":{"rendered":"Elvira \u00d6bergs OS-besked \u2013 \u00f6verl\u00e4gsen i Oberhof"},"content":{"rendered":"<p class=\"boxtextgrotesk-root_baa6 hyperion-css-1w346fg\">Publicerad 2026-01-08 15.04<\/p>\n<p>share-arrowDela<\/p>\n<p>unsaveSpara<\/p>\n<p>expand-left<\/p>\n<p>helsk\u00e4rm<img decoding=\"async\" class=\"image-asset hyperion-css-u06ts1\" data-test-tag=\"image-asset\" src=\"https:\/\/www.europesays.com\/se\/wp-content\/uploads\/2026\/01\/a5ba62f5-08c4-4976-9a98-349f2cfb9e6b.jpeg\"  alt=\"Skidskytten Elvira \u00d6berg jublar efter segern i v\u00e4rldscupsprinten i Oberhof.\"  loading=\"eager\" fetchpriority=\"high\" style=\"aspect-ratio:1900 \/ 1238\"\/>Skidskytten Elvira \u00d6berg jublar efter segern i v\u00e4rldscupsprinten i Oberhof. Foto: Tobias Schwarz\/AFP\/TT<\/p>\n<p class=\"hyperion-css-1shl3oz\" data-test-tag=\"lead-text\">Snabb p\u00e5 skidorna, felfri p\u00e5 skjutvallen.<\/p>\n<p class=\"hyperion-css-1shl3oz\" data-test-tag=\"lead-text\">Elvira \u00d6berg stod i en klass f\u00f6r sig i skidskyttarnas v\u00e4rldscupsprint i Oberhof.<\/p>\n<p class=\"hyperion-css-1shl3oz\" data-test-tag=\"lead-text\">\u2013 Jag kanske har kn\u00e4ckt koden till slut, s\u00e4ger hon till SVT.<\/p>\n<p class=\"hyperion-css-1v9qo5x\">Med mindre \u00e4n en m\u00e5nad kvar till OS i Italien levererade Elvira \u00d6berg ett f\u00f6rstklassigt formbesked.<\/p>\n<p class=\"hyperion-css-1v9qo5x\">Det r\u00e4ckte till s\u00e4songens f\u00f6rsta individuella seger i v\u00e4rldscupen \u2013 och faktum \u00e4r att konkurrenterna inte ens var n\u00e4ra att hota \u00d6berg.<\/p>\n<p class=\"hyperion-css-1v9qo5x\">Elvira \u00d6berg vann 21,1 sekunder f\u00f6re Suvi Minkkinen och ytterligare tv\u00e5 f\u00f6re Frankrikes Julia Simon, som nu stod p\u00e5 pallen f\u00f6r f\u00f6rsta g\u00e5ngen efter att ha d\u00f6mts f\u00f6r kreditkortsbedr\u00e4geri.<\/p>\n<p class=\"hyperion-css-1v9qo5x\">Av bara farten viftade \u00d6berg bort ett litet sprintsp\u00f6ke, tack vare delvis nya rutiner som hon kommit fram till ihop med sin idrottspsykolog.<\/p>\n<p class=\"hyperion-css-1v9qo5x\">\u2013 Jag har \u00e5kt p\u00e5 uppv\u00e4rmningen och lyssnat p\u00e5 ljudbok och inte f\u00f6rs\u00f6kt t\u00e4nka s\u00e5 mycket p\u00e5 t\u00e4vlingen. Och under t\u00e4vlingen ville jag inte ha n\u00e5gra tider f\u00f6rr\u00e4n under spurtvarvet, s\u00e4ger hon till SVT.<\/p>\n<p class=\"hyperion-css-1v9qo5x\">\u00d6berg beskriver det som att hon tidigare \u201dvarit lite f\u00f6r ensam i sitt eget huvud\u201d. I sprintlopp har hon ofta funderat lite f\u00f6r mycket, till skillnad fr\u00e5n i till exempel jaktstarter.<\/p>\n<p class=\"hyperion-css-1v9qo5x\">\u2013 Det \u00e4r s\u00e4llan jag g\u00f6r bort mig n\u00e4r jag g\u00e5r p\u00e5 autopilot, s\u00e4ger hon.<\/p>\n<p>Snabbt slutvarv<\/p>\n<p class=\"hyperion-css-1v9qo5x\">Minkkinen var visserligen snabbast ut fr\u00e5n det andra skyttet \u2013 knappt fem sekunder f\u00f6re svenskan. Men under slutvarvet hade finl\u00e4ndskan ingenting att s\u00e4tta emot \u00d6berg, som avslutade med en helt annan fart under skidorna.<\/p>\n<p class=\"hyperion-css-1v9qo5x\">26-\u00e5riga \u00d6berg st\u00f6rdes av ett par f\u00f6rkylningar i samband med v\u00e4rldscupt\u00e4vlingarna f\u00f6re jul, d\u00e5 det som b\u00e4st blev tv\u00e5 femteplatser i sprinten i \u00d6stersund och jaktstarten i Hochfilzen.<\/p>\n<p class=\"hyperion-css-1v9qo5x\">Nu verkar juluppeh\u00e5llet ha gjort Elvira \u00d6berg gott \u00e4ven n\u00e4r det g\u00e4ller \u00e5kformen.<\/p>\n<p class=\"hyperion-css-1v9qo5x\">Anna Magnusson, som ett tag ledde den totala v\u00e4rldscupen, visade i Oberhof p\u00e5 nytt att hon h\u00e5ller en h\u00f6gre niv\u00e5 den h\u00e4r s\u00e4songen. Trots en bom slutade hon \u00e5tta, ganska exakt en minut efter \u00d6berg i m\u00e5l.<\/p>\n<p>Heijdenberg imponerade<\/p>\n<p class=\"hyperion-css-1v9qo5x\">Anna-Karin Heijdenberg gladde ocks\u00e5 och st\u00e4rkte sina aktier i kampen om en OS-plats. Hon slutade tia.<\/p>\n<p class=\"hyperion-css-1v9qo5x\">Hanna \u00d6berg var bra med fram till andra skyttet, men tv\u00e5 bom d\u00e4r f\u00f6rst\u00f6rde hennes chanser till en topplacering. Det blev en 13:e-plats f\u00f6r storasyster \u00d6berg.<\/p>\n<p class=\"hyperion-css-1v9qo5x\">\u2013 Jag gr\u00e4mer mig framf\u00f6r allt \u00f6ver det sista skottet. Det tycker jag att jag borde kunna s\u00e4tta, s\u00e4ger hon till SVT.<\/p>\n<p class=\"hyperion-css-1v9qo5x\">\u00c4ven Linn Gestblom bommade tv\u00e5 skott och har \u00e4n s\u00e5 l\u00e4nge inte f\u00e5tt till det i ett individuellt v\u00e4rldscuplopp efter skadecomebacken. Gestblom slutade 24:a.<\/p>\n","protected":false},"excerpt":{"rendered":"Publicerad 2026-01-08 15.04 share-arrowDela unsaveSpara expand-left helsk\u00e4rmSkidskytten Elvira \u00d6berg jublar efter segern i v\u00e4rldscupsprinten i Oberhof. Foto: Tobias&hellip;\n","protected":false},"author":2,"featured_media":131174,"comment_status":"","ping_status":"","sticky":false,"template":"","format":"standard","meta":{"footnotes":""},"categories":[68],"tags":[34,111,110,31,33,32,30],"class_list":{"0":"post-131173","1":"post","2":"type-post","3":"status-publish","4":"format-standard","5":"has-post-thumbnail","7":"category-sport","8":"tag-se","9":"tag-sport","10":"tag-sports","11":"tag-svenska","12":"tag-sverige","13":"tag-sweden","14":"tag-swedish"},"share_on_mastodon":{"url":"https:\/\/pubeurope.com\/@se\/115867732053513682","error":""},"_links":{"self":[{"href":"https:\/\/www.europesays.com\/se\/wp-json\/wp\/v2\/posts\/131173","targetHints":{"allow":["GET"]}}],"collection":[{"href":"https:\/\/www.europesays.com\/se\/wp-json\/wp\/v2\/posts"}],"about":[{"href":"https:\/\/www.europesays.com\/se\/wp-json\/wp\/v2\/types\/post"}],"author":[{"embeddable":true,"href":"https:\/\/www.europesays.com\/se\/wp-json\/wp\/v2\/users\/2"}],"replies":[{"embeddable":true,"href":"https:\/\/www.europesays.com\/se\/wp-json\/wp\/v2\/comments?post=131173"}],"version-history":[{"count":0,"href":"https:\/\/www.europesays.com\/se\/wp-json\/wp\/v2\/posts\/131173\/revisions"}],"wp:featuredmedia":[{"embeddable":true,"href":"https:\/\/www.europesays.com\/se\/wp-json\/wp\/v2\/media\/131174"}],"wp:attachment":[{"href":"https:\/\/www.europesays.com\/se\/wp-json\/wp\/v2\/media?parent=131173"}],"wp:term":[{"taxonomy":"category","embeddable":true,"href":"https:\/\/www.europesays.com\/se\/wp-json\/wp\/v2\/categories?post=131173"},{"taxonomy":"post_tag","embeddable":true,"href":"https:\/\/www.europesays.com\/se\/wp-json\/wp\/v2\/tags?post=131173"}],"curies":[{"name":"wp","href":"https:\/\/api.w.org\/{rel}","templated":true}]}}