{"id":131175,"date":"2026-01-09T23:31:12","date_gmt":"2026-01-09T23:31:12","guid":{"rendered":"https:\/\/www.europesays.com\/se\/131175\/"},"modified":"2026-01-09T23:31:12","modified_gmt":"2026-01-09T23:31:12","slug":"folk-har-stallt-upp-for-varandra-lakartidningen","status":"publish","type":"post","link":"https:\/\/www.europesays.com\/se\/131175\/","title":{"rendered":"\u00bbFolk har st\u00e4llt upp f\u00f6r varandra\u00ab \u2013 L\u00e4kartidningen"},"content":{"rendered":"<p>\t\t\t\t<img alt=\"\" class=\"MediaWrapper-content BodyImage-imageObject\" src=\"https:\/\/www.europesays.com\/se\/wp-content\/uploads\/2026\/01\/mp67821270-silhouette-of-a-man-in-a-heavy-snowstorm.jpg\" data-lazy-load-target=\"content\" width=\"1060\" height=\"706\" loading=\"eager\" decoding=\"async\" fetchpriority=\"high\"\/><\/p>\n<p>\n\t\t\t\t\tIllustrationsbild<br \/>\n\t\t\t\t\t\t\tFoto: Mostphotos\n\t\t\t\t\t\t\t\t\t<\/p>\n<p>De senaste dagarnas kraftiga sn\u00f6ov\u00e4der har drabbat flera delar av landet. I V\u00e4stra G\u00f6taland orsakade v\u00e4derleken kraftiga st\u00f6rningar i bland annat kollektivtrafiken, vilket fick konsekvenser f\u00f6r verksamheten p\u00e5 Sahlgrenska universitetssjukhuset (SU) n\u00e4r b\u00e5de patienter och medarbetare hade sv\u00e5rt att ta sig dit.<\/p>\n<p>Medarbetare i V\u00e4stra G\u00f6talandsregionen som kom till jobbet sent eller inte alls p\u00e5 grund av v\u00e4dret f\u00e5r ta av sin intj\u00e4nade ledighet f\u00f6r att t\u00e4cka upp, vilket G\u00f6teborgs-Posten var f\u00f6rst att rapportera om.<\/p>\n<p>\n\t\tAnnons\t\t\t<\/p>\n<p>\t\t<a href=\"https:\/\/pro.novonordisk.se\/lakemedel\/ozempic.html?cid=paid3-nvqirmfzx7\" data-ad-target=\"link\" class=\"Ad-content\" rel=\"sponsored nofollow noopener\" target=\"_blank\"><\/p>\n<p>\t\t\t\t<img alt=\"Annons\" class=\"MediaWrapper-content Ad-image\" src=\"https:\/\/www.europesays.com\/se\/wp-content\/uploads\/2026\/01\/1768001472_700_ozempic-1404x720-lt.gif\" data-lazy-load-target=\"content\" width=\"468\" height=\"240\" loading=\"lazy\" decoding=\"async\" fetchpriority=\"auto\"\/><\/p>\n<p>\t\t<\/a><\/p>\n<p>Madelene Johansson, stabsdirekt\u00f6r p\u00e5 Sahlgrenska universitetssjukhuset, skriver till L\u00e4kartidningen via presstj\u00e4nsten att man f\u00f6ljer r\u00e5dande praxis.<\/p>\n<p>\u00bbSjukhuset har sedan tidigare valt att f\u00f6lja den lagstiftning och r\u00e4ttspraxis som finns. Om en medarbetare inte kan ta sig till jobbet r\u00e4knas det som giltig fr\u00e5nvaro och medarbetaren f\u00e5r ta ut intj\u00e4nad ledighet. Vilken form av ledighet sker i dialog med n\u00e4rmaste chef.\u00ab<\/p>\n<p>\u00c4ven Region V\u00e4sternorrland har drabbats h\u00e5rt av v\u00e4derkaoset. Under torsdagen gick Sundsvalls sjukhus och h\u00e4lsocentralerna i kommunen upp i stabsl\u00e4ge bland annat efter att bemanningen p\u00e5verkats av v\u00e4derleken. Senare under dagen g\u00e4llde f\u00f6rst\u00e4rkningsl\u00e4ge p\u00e5 regionens samtliga sjukhusorter. <\/p>\n<p>\u00c4ven h\u00e4r f\u00e5r medarbetare sj\u00e4lva st\u00e5 f\u00f6r eventuell fr\u00e5nvaro p\u00e5 grund av sn\u00f6n. Det meddelar regionen HR i personalmeddelande, som presstj\u00e4nsten vidarebordrar till L\u00e4kartidningen:<\/p>\n<p>\n\t\tAnnons\t\t\t<\/p>\n<p>\t\t<a href=\"https:\/\/lakartidningen.se\/lakartidningen-soker-reporter-med-fokus-pa-vetenskapsrapportering\/\" data-ad-target=\"link\" class=\"Ad-content\" rel=\"sponsored nofollow noopener\" target=\"_blank\"><\/p>\n<p>\t\t\t\t<img alt=\"Annons\" class=\"MediaWrapper-content Ad-image\" src=\"https:\/\/www.europesays.com\/se\/wp-content\/uploads\/2026\/01\/1768001472_854_banner-reporter-1404x720-1.jpg\" data-lazy-load-target=\"content\" width=\"468\" height=\"240\" loading=\"lazy\" decoding=\"async\" fetchpriority=\"auto\"\/><\/p>\n<p>\t\t<\/a><\/p>\n<p>\u00bbM\u00e5ste du stanna hemma p\u00e5 grund av sn\u00f6storm, d\u00e5ligt v\u00e4glag eller annan omst\u00e4ndighet som inte beror p\u00e5 arbetsgivaren s\u00e5 har du inte r\u00e4tt till l\u00f6n under fr\u00e5nvaron. Kontakta din chef och resonera om hur ni ska g\u00f6ra. Kanske kan du arbeta hemifr\u00e5n eller beviljas semester, flex- eller kompensationsledighet. I annat fall blir det ledighet utan l\u00f6n.\u00ab<\/p>\n<p>Emma Furberg, ordf\u00f6rande f\u00f6r \u00c5ngermanlands l\u00e4karf\u00f6rening, har uppfattat att\u00a0b\u00e5de medarbetare och chefer varit pragmatiska i den sv\u00e5ra situationen som varit.\u00a0Hon ber\u00e4ttar att det funnits m\u00f6jlighet f\u00f6r medarbetare som beh\u00f6vt och velat att sova \u00f6ver p\u00e5 sjukhuset.<\/p>\n<p>\t\t\t\t<img alt=\"\" class=\"MediaWrapper-content BodyImage-imageObject\" src=\"https:\/\/www.europesays.com\/se\/wp-content\/uploads\/2026\/01\/w-emma-furberg-kvadrat.jpg\" data-lazy-load-target=\"content\" width=\"640\" height=\"426\" loading=\"lazy\" decoding=\"async\" fetchpriority=\"auto\"\/><\/p>\n<p>\n\t\t\t\t\tEmma Furberg, ordf\u00f6rande \u00c5ngermanlands l\u00e4karf\u00f6rening.<br \/>\n\t\t\t\t\t\t\tFoto: Privat\n\t\t\t\t\t\t\t\t\t<\/p>\n<p>\u2013 Man har f\u00f6rs\u00f6kt att l\u00f6sa det s\u00e5 att man kunnat ge n\u00f6dv\u00e4ndig v\u00e5rd, folk har st\u00e4llt upp f\u00f6r varandra och pusslat s\u00e5 att de som beh\u00f6ver ta sig hem tidigare har kunnat g\u00f6ra det.\u00a0<\/p>\n<p>F\u00f6reningens st\u00e5ndpunkt \u00e4r att ingen ska beh\u00f6va ta ut sin semester f\u00f6r att t\u00e4cka upp f\u00f6r sin fr\u00e5nvaro, utan att flex eller jourkomp ska anv\u00e4ndas i \u00f6verenskommelse med den enskilda medarbetaren.\u00a0<\/p>\n<p>\u2013 Semester \u00e4r n\u00e5gonting man ans\u00f6ker eller planerar f\u00f6r, men de flesta har stora berg av jourkomp eller flex, s\u00e4ger Emma Furberg.<\/p>\n","protected":false},"excerpt":{"rendered":"Illustrationsbild Foto: Mostphotos De senaste dagarnas kraftiga sn\u00f6ov\u00e4der har drabbat flera delar av landet. I V\u00e4stra G\u00f6taland orsakade&hellip;\n","protected":false},"author":2,"featured_media":131176,"comment_status":"","ping_status":"","sticky":false,"template":"","format":"standard","meta":{"footnotes":""},"categories":[12],"tags":[22,23,26,27,17,21,24,25,28,29,15,16,18,34,31,33,32,30,19,20],"class_list":{"0":"post-131175","1":"post","2":"type-post","3":"status-publish","4":"format-standard","5":"has-post-thumbnail","7":"category-sverige","8":"tag-breaking-news","9":"tag-breakingnews","10":"tag-featured-news","11":"tag-featurednews","12":"tag-headlines","13":"tag-huvudnyheter","14":"tag-latest-news","15":"tag-latestnews","16":"tag-main-news","17":"tag-mainnews","18":"tag-news","19":"tag-nyheter","20":"tag-rubriker","21":"tag-se","22":"tag-svenska","23":"tag-sverige","24":"tag-sweden","25":"tag-swedish","26":"tag-top-stories","27":"tag-topstories"},"share_on_mastodon":{"url":"https:\/\/pubeurope.com\/@se\/115867751755936679","error":""},"_links":{"self":[{"href":"https:\/\/www.europesays.com\/se\/wp-json\/wp\/v2\/posts\/131175","targetHints":{"allow":["GET"]}}],"collection":[{"href":"https:\/\/www.europesays.com\/se\/wp-json\/wp\/v2\/posts"}],"about":[{"href":"https:\/\/www.europesays.com\/se\/wp-json\/wp\/v2\/types\/post"}],"author":[{"embeddable":true,"href":"https:\/\/www.europesays.com\/se\/wp-json\/wp\/v2\/users\/2"}],"replies":[{"embeddable":true,"href":"https:\/\/www.europesays.com\/se\/wp-json\/wp\/v2\/comments?post=131175"}],"version-history":[{"count":0,"href":"https:\/\/www.europesays.com\/se\/wp-json\/wp\/v2\/posts\/131175\/revisions"}],"wp:featuredmedia":[{"embeddable":true,"href":"https:\/\/www.europesays.com\/se\/wp-json\/wp\/v2\/media\/131176"}],"wp:attachment":[{"href":"https:\/\/www.europesays.com\/se\/wp-json\/wp\/v2\/media?parent=131175"}],"wp:term":[{"taxonomy":"category","embeddable":true,"href":"https:\/\/www.europesays.com\/se\/wp-json\/wp\/v2\/categories?post=131175"},{"taxonomy":"post_tag","embeddable":true,"href":"https:\/\/www.europesays.com\/se\/wp-json\/wp\/v2\/tags?post=131175"}],"curies":[{"name":"wp","href":"https:\/\/api.w.org\/{rel}","templated":true}]}}