{"id":131179,"date":"2026-01-10T00:06:07","date_gmt":"2026-01-10T00:06:07","guid":{"rendered":"https:\/\/www.europesays.com\/se\/131179\/"},"modified":"2026-01-10T00:06:07","modified_gmt":"2026-01-10T00:06:07","slug":"golden-knights-kallar-upp-carl-lindbom","status":"publish","type":"post","link":"https:\/\/www.europesays.com\/se\/131179\/","title":{"rendered":"Golden Knights kallar upp Carl Lindbom"},"content":{"rendered":"<p>Vegas Golden Knights kallar upp m\u00e5lvakten Carl Lindbom fr\u00e5n klubbens AHL-filial Henderson Silver Knights. Det meddelade klubben under fredagen.<\/p>\n<p>Lindbom, 22, gjorde sin NHL-debut tidigare den h\u00e4r s\u00e4songen och har spelat totalt sju matcher f\u00f6r Golden Knights i NHL, med 1-4-2 i facit, 87,0 i r\u00e4ddningsprocent och 3,14 i insl\u00e4ppta m\u00e5l per match. I AHL har m\u00e5lvakten g\u00e5tt 6-3-4, med 92,6 i r\u00e4ddningsprocent, 2,08 insl\u00e4ppta m\u00e5l per match och tv\u00e5 h\u00e5llna nollor.<\/p>\n<p>Lindbom valdes av Golden Knights i sjunde rundan av 2021 \u00e5rs NHL-draft.<\/p>\n<p>En annan av Vegas m\u00e5lvakter, Carter Hart, utgick skadad i f\u00f6rsta perioden av lagets senaste match; en 5-3-seger \u00f6ver Columbus Blue Jackets i T-Mobile Arena under torsdagsnatten svensk tid.<\/p>\n<p>\u2013 Det s\u00e5g inte bra ut n\u00e4r han gick av, f\u00f6rhoppningsvis \u00e4r det inget allvarligt men jag vet inte mer \u00e4n s\u00e5, sade Golden Knights tr\u00e4nare Bruce Cassidy om Hart.<\/p>\n","protected":false},"excerpt":{"rendered":"Vegas Golden Knights kallar upp m\u00e5lvakten Carl Lindbom fr\u00e5n klubbens AHL-filial Henderson Silver Knights. Det meddelade klubben under&hellip;\n","protected":false},"author":2,"featured_media":131180,"comment_status":"","ping_status":"","sticky":false,"template":"","format":"standard","meta":{"footnotes":""},"categories":[68],"tags":[34,111,110,31,33,32,30],"class_list":{"0":"post-131179","1":"post","2":"type-post","3":"status-publish","4":"format-standard","5":"has-post-thumbnail","7":"category-sport","8":"tag-se","9":"tag-sport","10":"tag-sports","11":"tag-svenska","12":"tag-sverige","13":"tag-sweden","14":"tag-swedish"},"share_on_mastodon":{"url":"https:\/\/pubeurope.com\/@se\/115867889331700400","error":""},"_links":{"self":[{"href":"https:\/\/www.europesays.com\/se\/wp-json\/wp\/v2\/posts\/131179","targetHints":{"allow":["GET"]}}],"collection":[{"href":"https:\/\/www.europesays.com\/se\/wp-json\/wp\/v2\/posts"}],"about":[{"href":"https:\/\/www.europesays.com\/se\/wp-json\/wp\/v2\/types\/post"}],"author":[{"embeddable":true,"href":"https:\/\/www.europesays.com\/se\/wp-json\/wp\/v2\/users\/2"}],"replies":[{"embeddable":true,"href":"https:\/\/www.europesays.com\/se\/wp-json\/wp\/v2\/comments?post=131179"}],"version-history":[{"count":0,"href":"https:\/\/www.europesays.com\/se\/wp-json\/wp\/v2\/posts\/131179\/revisions"}],"wp:featuredmedia":[{"embeddable":true,"href":"https:\/\/www.europesays.com\/se\/wp-json\/wp\/v2\/media\/131180"}],"wp:attachment":[{"href":"https:\/\/www.europesays.com\/se\/wp-json\/wp\/v2\/media?parent=131179"}],"wp:term":[{"taxonomy":"category","embeddable":true,"href":"https:\/\/www.europesays.com\/se\/wp-json\/wp\/v2\/categories?post=131179"},{"taxonomy":"post_tag","embeddable":true,"href":"https:\/\/www.europesays.com\/se\/wp-json\/wp\/v2\/tags?post=131179"}],"curies":[{"name":"wp","href":"https:\/\/api.w.org\/{rel}","templated":true}]}}