{"id":131181,"date":"2026-01-10T00:12:10","date_gmt":"2026-01-10T00:12:10","guid":{"rendered":"https:\/\/www.europesays.com\/se\/131181\/"},"modified":"2026-01-10T00:12:10","modified_gmt":"2026-01-10T00:12:10","slug":"tv-hemtjansten-isolerades-bandvagn-blev-raddningen-tidningen-angermanland","status":"publish","type":"post","link":"https:\/\/www.europesays.com\/se\/131181\/","title":{"rendered":"TV: Hemtj\u00e4nsten isolerades \u2013 bandvagn blev r\u00e4ddningen &#8211; Tidningen \u00c5ngermanland"},"content":{"rendered":"<ol>\n<li><a href=\"https:\/\/news.google.com\/rss\/articles\/CBMiowFBVV95cUxQX2piakJIa2JUQUFCaVQ1UUdRbVppWWRqVHhsTGlDcTlhbzRudmdBV09RSWc0NlRIYnBKQzhiRkMyYUEtVVlSTUN0cEZ1TTVjMFRDX1BCWVpRRkxOc3Y1NmJubDRJRXdDd2VXZWhMczc4bG5Rd3NzODZmLVdNVDNTVk5WZEx1OUpkR09sOWlWdGtSSmd5dDJkRTk3Y1pQaF9UdkNv?oc=5\" target=\"_blank\" rel=\"nofollow noopener\">TV: Hemtj\u00e4nsten isolerades \u2013 bandvagn blev r\u00e4ddningen<\/a>&nbsp;&nbsp;Tidningen \u00c5ngermanland<\/li>\n<li><a href=\"https:\/\/news.google.com\/rss\/articles\/CBMiogFBVV95cUxQakVRaXFWaFQ4cFZvYkJId09xTnUyekwweFNmNzF6eWxGdzNNUDkzMnJfdkpmSldaSlhlQ21ZUDJCZVRLa1RxUjkzczZLUmlWcVFpVk1jdnJuZnZVWnRHUXI0VElBNE95X3dHNVhLWTBhVDd0MHg5U1JCYVp2QmdqMEgzcVkzVVdxOTV1amJBWmhnb0ZtYkM5eWZCRFJhYjJGdEE?oc=5\" target=\"_blank\" rel=\"nofollow noopener\">Sn\u00f6ov\u00e4dret Anna st\u00e4llde till det f\u00f6r hemtj\u00e4nsten i Uppsala<\/a>&nbsp;&nbsp;SVT Nyheter<\/li>\n<li><a href=\"https:\/\/news.google.com\/rss\/articles\/CBMinwFBVV95cUxQWlBGdW8ydk1xcDc1a2VyZ0NHUzk2YUpsSC04dGM2QUhwdlpvUEVQTHJRQkZpOW1WOWstbDdJM1p3NkNiOVRIVVZsUXdnQ1RLUmVmRmExUmhkeW9uc2lBRE5YZlJwQXNSQjBGT0FEa3hUZDFKZ29VT0tQWXgyaWlsWnozcjUzcHl6ZUJnNEtuUFdlZG5Ga3NQUlNXcjhoM0E?oc=5\" target=\"_blank\" rel=\"nofollow noopener\">Hemtj\u00e4nstens kamp mot klockan \u2013 gr\u00e4vde fram bilen med sopskyffel<\/a>&nbsp;&nbsp;SN, S\u00f6dermanlands Nyheter<\/li>\n<li><a href=\"https:\/\/news.google.com\/rss\/articles\/CBMinAFBVV95cUxPdDVBMHVfQ2J6Y21UNVQ4ZDhSWFZmZDgtUndFUlN2elBvTTcxS1REb0E5NVFJQ2VIbmcteFNBc3FmdFhNWTd3VWhCb0lLSTR1YUhQSV9BNkJZaVhmUlBYY3J0V1BBZzZMOUtyb1RNdUd5cUE5akRzalFUTkNQT29NQVhjOHdfT21fQy00T3NEblNHQy1jendGbkotdWk?oc=5\" target=\"_blank\" rel=\"nofollow noopener\">Anne fick \u00f6vernatta p\u00e5 jobbet \u2013 f\u00f6rv\u00e4ntar sig mer av kommunen<\/a>&nbsp;&nbsp;Sveriges Radio<\/li>\n<li><a href=\"https:\/\/news.google.com\/rss\/articles\/CBMikAFBVV95cUxON20wMFhZV2hiUEpodERtWWJzOGtKcGtsQkRKUG9GRHVXbHMzNnhVWVpidkFweS02eFktNWF6azdKQmt0STlRMmpjN201alp1d280YklWN28yWFZCYnNNYzdYaVdUelBTRS1na2xob0JSUjJyY0l4MEc3RGh6OHp2X2FwMTdNU0tNZEVmZGo3X3Y?oc=5\" target=\"_blank\" rel=\"nofollow noopener\">S\u00e5 sl\u00e5r sn\u00f6kaoset mot hemtj\u00e4nsten: \u201dOtroligt k\u00e4mpigt\u201d<\/a>&nbsp;&nbsp;NWT<\/li>\n<\/ol>\n","protected":false},"excerpt":{"rendered":"TV: Hemtj\u00e4nsten isolerades \u2013 bandvagn blev r\u00e4ddningen&nbsp;&nbsp;Tidningen \u00c5ngermanland Sn\u00f6ov\u00e4dret Anna st\u00e4llde till det f\u00f6r hemtj\u00e4nsten i Uppsala&nbsp;&nbsp;SVT Nyheter&hellip;\n","protected":false},"author":2,"featured_media":131182,"comment_status":"","ping_status":"","sticky":false,"template":"","format":"standard","meta":{"footnotes":""},"categories":[5],"tags":[22,23,26,27,17,21,24,25,28,29,15,16,18,34,31,33,32,30,19,20],"class_list":{"0":"post-131181","1":"post","2":"type-post","3":"status-publish","4":"format-standard","5":"has-post-thumbnail","7":"category-rubriker","8":"tag-breaking-news","9":"tag-breakingnews","10":"tag-featured-news","11":"tag-featurednews","12":"tag-headlines","13":"tag-huvudnyheter","14":"tag-latest-news","15":"tag-latestnews","16":"tag-main-news","17":"tag-mainnews","18":"tag-news","19":"tag-nyheter","20":"tag-rubriker","21":"tag-se","22":"tag-svenska","23":"tag-sverige","24":"tag-sweden","25":"tag-swedish","26":"tag-top-stories","27":"tag-topstories"},"share_on_mastodon":{"url":"https:\/\/pubeurope.com\/@se\/115867912936861915","error":""},"_links":{"self":[{"href":"https:\/\/www.europesays.com\/se\/wp-json\/wp\/v2\/posts\/131181","targetHints":{"allow":["GET"]}}],"collection":[{"href":"https:\/\/www.europesays.com\/se\/wp-json\/wp\/v2\/posts"}],"about":[{"href":"https:\/\/www.europesays.com\/se\/wp-json\/wp\/v2\/types\/post"}],"author":[{"embeddable":true,"href":"https:\/\/www.europesays.com\/se\/wp-json\/wp\/v2\/users\/2"}],"replies":[{"embeddable":true,"href":"https:\/\/www.europesays.com\/se\/wp-json\/wp\/v2\/comments?post=131181"}],"version-history":[{"count":0,"href":"https:\/\/www.europesays.com\/se\/wp-json\/wp\/v2\/posts\/131181\/revisions"}],"wp:featuredmedia":[{"embeddable":true,"href":"https:\/\/www.europesays.com\/se\/wp-json\/wp\/v2\/media\/131182"}],"wp:attachment":[{"href":"https:\/\/www.europesays.com\/se\/wp-json\/wp\/v2\/media?parent=131181"}],"wp:term":[{"taxonomy":"category","embeddable":true,"href":"https:\/\/www.europesays.com\/se\/wp-json\/wp\/v2\/categories?post=131181"},{"taxonomy":"post_tag","embeddable":true,"href":"https:\/\/www.europesays.com\/se\/wp-json\/wp\/v2\/tags?post=131181"}],"curies":[{"name":"wp","href":"https:\/\/api.w.org\/{rel}","templated":true}]}}