{"id":131183,"date":"2026-01-10T00:14:09","date_gmt":"2026-01-10T00:14:09","guid":{"rendered":"https:\/\/www.europesays.com\/se\/131183\/"},"modified":"2026-01-10T00:14:09","modified_gmt":"2026-01-10T00:14:09","slug":"dahlberg-firade-500-matcher-med-seger-i-visby","status":"publish","type":"post","link":"https:\/\/www.europesays.com\/se\/131183\/","title":{"rendered":"Dahlberg firade 500 matcher med seger i Visby"},"content":{"rendered":"<p>Visby Roma var tillbaka hemma i Visby ishall p\u00e5 fredagen efter en lyckad bortaturn\u00e9 f\u00f6rra helgen d\u00e4r man segrade mot M\u00f6rrum och vann efter f\u00f6rl\u00e4ngning mot topplaget Karlskrona.Motst\u00e5ndet i fredagens match stod tabelljumbon Nyk\u00f6ping som bj\u00f6d p\u00e5 en j\u00e4mn inledning av den f\u00f6rsta perioden, men sedan tog Visby Roma \u00f6ver. Hugo Ollila gav hemmalaget ledningen i powerplay och <\/p>\n","protected":false},"excerpt":{"rendered":"Visby Roma var tillbaka hemma i Visby ishall p\u00e5 fredagen efter en lyckad bortaturn\u00e9 f\u00f6rra helgen d\u00e4r man&hellip;\n","protected":false},"author":2,"featured_media":131184,"comment_status":"","ping_status":"","sticky":false,"template":"","format":"standard","meta":{"footnotes":""},"categories":[68],"tags":[34,111,110,31,33,32,30],"class_list":{"0":"post-131183","1":"post","2":"type-post","3":"status-publish","4":"format-standard","5":"has-post-thumbnail","7":"category-sport","8":"tag-se","9":"tag-sport","10":"tag-sports","11":"tag-svenska","12":"tag-sverige","13":"tag-sweden","14":"tag-swedish"},"share_on_mastodon":{"url":"https:\/\/pubeurope.com\/@se\/115867920830647447","error":""},"_links":{"self":[{"href":"https:\/\/www.europesays.com\/se\/wp-json\/wp\/v2\/posts\/131183","targetHints":{"allow":["GET"]}}],"collection":[{"href":"https:\/\/www.europesays.com\/se\/wp-json\/wp\/v2\/posts"}],"about":[{"href":"https:\/\/www.europesays.com\/se\/wp-json\/wp\/v2\/types\/post"}],"author":[{"embeddable":true,"href":"https:\/\/www.europesays.com\/se\/wp-json\/wp\/v2\/users\/2"}],"replies":[{"embeddable":true,"href":"https:\/\/www.europesays.com\/se\/wp-json\/wp\/v2\/comments?post=131183"}],"version-history":[{"count":0,"href":"https:\/\/www.europesays.com\/se\/wp-json\/wp\/v2\/posts\/131183\/revisions"}],"wp:featuredmedia":[{"embeddable":true,"href":"https:\/\/www.europesays.com\/se\/wp-json\/wp\/v2\/media\/131184"}],"wp:attachment":[{"href":"https:\/\/www.europesays.com\/se\/wp-json\/wp\/v2\/media?parent=131183"}],"wp:term":[{"taxonomy":"category","embeddable":true,"href":"https:\/\/www.europesays.com\/se\/wp-json\/wp\/v2\/categories?post=131183"},{"taxonomy":"post_tag","embeddable":true,"href":"https:\/\/www.europesays.com\/se\/wp-json\/wp\/v2\/tags?post=131183"}],"curies":[{"name":"wp","href":"https:\/\/api.w.org\/{rel}","templated":true}]}}