{"id":131185,"date":"2026-01-10T00:20:07","date_gmt":"2026-01-10T00:20:07","guid":{"rendered":"https:\/\/www.europesays.com\/se\/131185\/"},"modified":"2026-01-10T00:20:07","modified_gmt":"2026-01-10T00:20:07","slug":"rickard-wallin-oppnar-upp-darfor-fick-jorgen-jonsson-sparken-av-farjestad-at-fel-hall-vf","status":"publish","type":"post","link":"https:\/\/www.europesays.com\/se\/131185\/","title":{"rendered":"Rickard Wallin \u00f6ppnar upp \u2013 d\u00e4rf\u00f6r fick J\u00f6rgen J\u00f6nsson sparken av F\u00e4rjestad: \u201d\u00c5t fel h\u00e5ll\u201d &#8211; VF"},"content":{"rendered":"<ol>\n<li><a href=\"https:\/\/news.google.com\/rss\/articles\/CBMivgFBVV95cUxOME9oWkNPU1h0QWZtMC1CYVNCNURZbHBvNF9ucDhzMUYxMzkyZmFIdFVPLVdoTTVVWU5BcFJnODBuWnZlcjY5aU9NVG5yRFNjbWh1UTJSQk9xeVB5M1hOTFVNanVKTHBlWkZnRWQyUEdKRGw2WEJ4eG1ESUtPOUhXdjhyRVFYaDN2LUI2d0Z2c1hQZlNwRThVOE95YVEtLUc3c1pRMHQza0ZOX0pNM25GeGEyZE5JNTdZdEZ2ZUNB?oc=5\" target=\"_blank\" rel=\"nofollow noopener\">Rickard Wallin \u00f6ppnar upp \u2013 d\u00e4rf\u00f6r fick J\u00f6rgen J\u00f6nsson sparken av F\u00e4rjestad: \u201d\u00c5t fel h\u00e5ll\u201d<\/a>&nbsp;&nbsp;VF<\/li>\n<li><a href=\"https:\/\/news.google.com\/rss\/articles\/CBMisgFBVV95cUxQdEc0YVNlZWhZUDA1cEtUWjFuOXUzTklJT0w1WkdzT1hwb2N1eEFkaDNLTkRCdi12d0tzYkZ4RjBmaEJDSmpna1lZeU5yeXhJMDk4Ri0xaFphN2R5azQ3Q1FOMzRva0xtNElSNDM4SE5tbTA4WG1VWnZzYVA4N3VFTV9lQ3VEWFlld2wyd19acFNKYUlmWGpuX0tiX05DQk9MeXRzYlVvdDNNc2ZYb2FkQk1R?oc=5\" target=\"_blank\" rel=\"nofollow noopener\">Wallin gav J\u00f6nsson sparken: \u201dStor besvikelse\u201d<\/a>&nbsp;&nbsp;Aftonbladet<\/li>\n<li><a href=\"https:\/\/news.google.com\/rss\/articles\/CBMiY0FVX3lxTE00NWxtNWNSYkhfcTE0Unllal9MZjFPRG1TczA3WGV0Z0UwcmdoWHpXMkIyT21weUkteWk4WEVxZHRzRVVXVnlyVHo2VldhNzVHSnlkN19hMjJGc1pPekJ0U2Npbw?oc=5\" target=\"_blank\" rel=\"nofollow noopener\">SHL: F\u00f6r\u00e4ndringar i ledarstaben<\/a>&nbsp;&nbsp;F\u00e4rjestad BK<\/li>\n<li><a href=\"https:\/\/news.google.com\/rss\/articles\/CBMidEFVX3lxTFBxNE9YTEVWblNxdUNkY2QxNlVMZUpMQjM1a3ZCNU5qZ1J3VzQwcm9hNWNjTHZnV1pXazFnRkZsWklaLUdqaVZUdFlSN0xEa2FvUDZjeGJNbGs4U0N4MzVHQkJWRTVncXRjZWMyNm95TXFVZ3Rl?oc=5\" target=\"_blank\" rel=\"nofollow noopener\">Ishockey: F\u00e4rjestad sparkar J\u00f6rgen J\u00f6nsson<\/a>&nbsp;&nbsp;SVT Nyheter<\/li>\n<li><a href=\"https:\/\/news.google.com\/rss\/articles\/CBMiqwFBVV95cUxNekx3aHo3ckNjVVRVZTZPVVFGNmQtS2FOZ0dfT2Fkb3ZIaXVPUGdTTVpTWXFXS1JKUVJrTUd1c3pJckdyZi1SX1pBTUNPdGFjOW9uYm5aWDc0U2FWR1JlbmtpdDFBb05KVUJKcE5qN1JwcXU0alNBemZqSzVwNWhKOTk1T3FFcnloUUlBZGJxM3dtU3hNblFjcklkR3ZnQXd2R1J2QV9nQU5kTzA?oc=5\" target=\"_blank\" rel=\"nofollow noopener\">KV\u00c4LLENS NYHETER FBK sparkar tr\u00e4naren \u2022 Boltic f\u00f6ll p\u00e5 nytt \u2022 Restaurang\u00e4garen om inbrottet<\/a>&nbsp;&nbsp;NWT<\/li>\n<\/ol>\n","protected":false},"excerpt":{"rendered":"Rickard Wallin \u00f6ppnar upp \u2013 d\u00e4rf\u00f6r fick J\u00f6rgen J\u00f6nsson sparken av F\u00e4rjestad: \u201d\u00c5t fel h\u00e5ll\u201d&nbsp;&nbsp;VF Wallin gav J\u00f6nsson&hellip;\n","protected":false},"author":2,"featured_media":71506,"comment_status":"","ping_status":"","sticky":false,"template":"","format":"standard","meta":{"footnotes":""},"categories":[5],"tags":[22,23,26,27,17,21,24,25,28,29,15,16,18,34,31,33,32,30,19,20],"class_list":{"0":"post-131185","1":"post","2":"type-post","3":"status-publish","4":"format-standard","5":"has-post-thumbnail","7":"category-rubriker","8":"tag-breaking-news","9":"tag-breakingnews","10":"tag-featured-news","11":"tag-featurednews","12":"tag-headlines","13":"tag-huvudnyheter","14":"tag-latest-news","15":"tag-latestnews","16":"tag-main-news","17":"tag-mainnews","18":"tag-news","19":"tag-nyheter","20":"tag-rubriker","21":"tag-se","22":"tag-svenska","23":"tag-sverige","24":"tag-sweden","25":"tag-swedish","26":"tag-top-stories","27":"tag-topstories"},"share_on_mastodon":{"url":"https:\/\/pubeurope.com\/@se\/115867944391464770","error":""},"_links":{"self":[{"href":"https:\/\/www.europesays.com\/se\/wp-json\/wp\/v2\/posts\/131185","targetHints":{"allow":["GET"]}}],"collection":[{"href":"https:\/\/www.europesays.com\/se\/wp-json\/wp\/v2\/posts"}],"about":[{"href":"https:\/\/www.europesays.com\/se\/wp-json\/wp\/v2\/types\/post"}],"author":[{"embeddable":true,"href":"https:\/\/www.europesays.com\/se\/wp-json\/wp\/v2\/users\/2"}],"replies":[{"embeddable":true,"href":"https:\/\/www.europesays.com\/se\/wp-json\/wp\/v2\/comments?post=131185"}],"version-history":[{"count":0,"href":"https:\/\/www.europesays.com\/se\/wp-json\/wp\/v2\/posts\/131185\/revisions"}],"wp:featuredmedia":[{"embeddable":true,"href":"https:\/\/www.europesays.com\/se\/wp-json\/wp\/v2\/media\/71506"}],"wp:attachment":[{"href":"https:\/\/www.europesays.com\/se\/wp-json\/wp\/v2\/media?parent=131185"}],"wp:term":[{"taxonomy":"category","embeddable":true,"href":"https:\/\/www.europesays.com\/se\/wp-json\/wp\/v2\/categories?post=131185"},{"taxonomy":"post_tag","embeddable":true,"href":"https:\/\/www.europesays.com\/se\/wp-json\/wp\/v2\/tags?post=131185"}],"curies":[{"name":"wp","href":"https:\/\/api.w.org\/{rel}","templated":true}]}}