{"id":131186,"date":"2026-01-10T00:22:11","date_gmt":"2026-01-10T00:22:11","guid":{"rendered":"https:\/\/www.europesays.com\/se\/131186\/"},"modified":"2026-01-10T00:22:11","modified_gmt":"2026-01-10T00:22:11","slug":"darfor-fick-jorgen-jonsson-sparken-fran-farjestad","status":"publish","type":"post","link":"https:\/\/www.europesays.com\/se\/131186\/","title":{"rendered":"D\u00e4rf\u00f6r fick J\u00f6rgen J\u00f6nsson sparken fr\u00e5n F\u00e4rjestad"},"content":{"rendered":"<p>expand-left<\/p>\n<p>helsk\u00e4rm<img decoding=\"async\" class=\"image-asset hyperion-css-u06ts1\" data-test-tag=\"image-asset\" src=\"https:\/\/www.europesays.com\/se\/wp-content\/uploads\/2026\/01\/bcff2eb4-b81b-4c71-aa79-71b005560d45.jpeg\"  alt=\"\"  loading=\"eager\" fetchpriority=\"high\" style=\"aspect-ratio:1900 \/ 995\"\/><\/p>\n<p class=\"hyperion-css-1v9qo5x\"><strong>Det slog ner som en bomb. <\/strong><\/p>\n<p class=\"hyperion-css-1v9qo5x\"><strong>F\u00e4rjestad sparkar huvudcoachen J\u00f6rgen J\u00f6nsson.<\/strong><\/p>\n<p class=\"hyperion-css-1v9qo5x\"><strong>Sportbladets experter ger sin syn p\u00e5 vad som l\u00e5g bakom beslutet och spekulerar i panelen kring vad som v\u00e4ntar f\u00f6r FBK fram\u00f6ver n\u00e4r Christer Olsson nu tar \u00f6ver huvudansvaret.<\/strong><\/p>\n<p class=\"hyperion-css-1v9qo5x\"> check \u201dEn svart kv\u00e4ll i SHL:s historia\u201d<\/p>\n<p class=\"hyperion-css-1v9qo5x\">check \u201dBara i F\u00e4rjestad det h\u00e4r kan h\u00e4nda\u201d<\/p>\n<p class=\"hyperion-css-1v9qo5x\">check S\u00e5 kommer det g\u00e5 med Olsson: \u201dD\u00e5 hajade jag till\u201d<\/p>\n<p class=\"hyperion-css-1v9qo5x\">check \u201dFattade inte det h\u00e4r beslutet ensam\u201d<\/p>\n","protected":false},"excerpt":{"rendered":"expand-left helsk\u00e4rm Det slog ner som en bomb. F\u00e4rjestad sparkar huvudcoachen J\u00f6rgen J\u00f6nsson. Sportbladets experter ger sin syn&hellip;\n","protected":false},"author":2,"featured_media":131187,"comment_status":"","ping_status":"","sticky":false,"template":"","format":"standard","meta":{"footnotes":""},"categories":[68],"tags":[34,111,110,31,33,32,30],"class_list":{"0":"post-131186","1":"post","2":"type-post","3":"status-publish","4":"format-standard","5":"has-post-thumbnail","7":"category-sport","8":"tag-se","9":"tag-sport","10":"tag-sports","11":"tag-svenska","12":"tag-sverige","13":"tag-sweden","14":"tag-swedish"},"share_on_mastodon":{"url":"https:\/\/pubeurope.com\/@se\/115867952247772910","error":""},"_links":{"self":[{"href":"https:\/\/www.europesays.com\/se\/wp-json\/wp\/v2\/posts\/131186","targetHints":{"allow":["GET"]}}],"collection":[{"href":"https:\/\/www.europesays.com\/se\/wp-json\/wp\/v2\/posts"}],"about":[{"href":"https:\/\/www.europesays.com\/se\/wp-json\/wp\/v2\/types\/post"}],"author":[{"embeddable":true,"href":"https:\/\/www.europesays.com\/se\/wp-json\/wp\/v2\/users\/2"}],"replies":[{"embeddable":true,"href":"https:\/\/www.europesays.com\/se\/wp-json\/wp\/v2\/comments?post=131186"}],"version-history":[{"count":0,"href":"https:\/\/www.europesays.com\/se\/wp-json\/wp\/v2\/posts\/131186\/revisions"}],"wp:featuredmedia":[{"embeddable":true,"href":"https:\/\/www.europesays.com\/se\/wp-json\/wp\/v2\/media\/131187"}],"wp:attachment":[{"href":"https:\/\/www.europesays.com\/se\/wp-json\/wp\/v2\/media?parent=131186"}],"wp:term":[{"taxonomy":"category","embeddable":true,"href":"https:\/\/www.europesays.com\/se\/wp-json\/wp\/v2\/categories?post=131186"},{"taxonomy":"post_tag","embeddable":true,"href":"https:\/\/www.europesays.com\/se\/wp-json\/wp\/v2\/tags?post=131186"}],"curies":[{"name":"wp","href":"https:\/\/api.w.org\/{rel}","templated":true}]}}