{"id":131191,"date":"2026-01-10T00:30:09","date_gmt":"2026-01-10T00:30:09","guid":{"rendered":"https:\/\/www.europesays.com\/se\/131191\/"},"modified":"2026-01-10T00:30:09","modified_gmt":"2026-01-10T00:30:09","slug":"fiaskot-infor-os-hal-i-isen-under-testmatch","status":"publish","type":"post","link":"https:\/\/www.europesays.com\/se\/131191\/","title":{"rendered":"Fiaskot inf\u00f6r OS \u2013 h\u00e5l i isen under testmatch"},"content":{"rendered":"<p><strong>Turerna kring hockeyarenorna inf\u00f6r OS i Milano forts\u00e4tter att g\u00e5 i h\u00f6gvarv.<br \/>P\u00e5 fredagen spelades en genrepsmatch \u2013 och d\u00e5 fick matchen brytas.<br \/>Ett stort h\u00e5l i isen uppt\u00e4cktes.<\/strong><\/p>\n<p><img loading=\"lazy\" decoding=\"async\" width=\"1024\" height=\"658\" src=\"https:\/\/www.europesays.com\/se\/wp-content\/uploads\/2026\/01\/Split-Screen-3.1-1-1024x658.webp.webp\" alt=\"\" class=\"wp-image-343703\"  \/>H\u00e5l i isen \u2013 med veckor till OS.<br \/>\nFoto: Chris Johnston p\u00e5 X och Bildbyr\u00e5n<\/p>\n<p>Arena Milano \u2013 eller Milano Santagiulia \u00e4r skrytbygget som Milano l\u00e4t bygga f\u00f6r att kunna arrangera hockeyturneringen i <a href=\"https:\/\/hockeysverige.se\/os\" rel=\"nofollow noopener\" target=\"_blank\">OS<\/a>.<\/p>\n<p>Men med bara veckor kvar tills turneringens start \u00e4r det inte m\u00e5nga som \u00e4r imponerade. <\/p>\n<p>Tv\u00e4rtom har det varit m\u00e5nga turer kring att arenan inte skulle hinna bli klart i ett speldugligt skick. Senaste rapporterna g\u00f6r g\u00e4llande att kapaciteten sjunker fr\u00e5n 14 800 till 11 000 till turneringen.<\/p>\n<p>Det finns inte heller n\u00e5gon plan b, vilket <a href=\"https:\/\/www.espn.com\/olympics\/story\/_\/id\/47539819\/latest-2026-winter-olympic-hockey-rink-nhl-participation\" rel=\"nofollow noopener\" target=\"_blank\">ESPN<\/a> rapporterade s\u00e5 sent som i g\u00e5r. Det \u00e4r Santagiulia Arena som g\u00e4ller som spelplats, \u00e4ven om den inte \u00e4r f\u00e4rdigst\u00e4lld \u00e4nnu.<\/p>\n<p>Matchen br\u00f6ts \u2013\u00a0h\u00e5l uppt\u00e4cktes i isen<\/p>\n<p>P\u00e5 fredagen skulle en match spelas f\u00f6r att s\u00e4kerst\u00e4lla att det var speldugligt skick p\u00e5 isen och rinken, men det var det inte.<\/p>\n<p>I st\u00e4llet skulle matchen brytas \u2013 p\u00e5 grund av ett stort h\u00e5l i isen. Det rapporterar <a href=\"https:\/\/x.com\/reporterchris\/status\/2009718297537982595?s=20\" rel=\"nofollow\">Chris Johnston p\u00e5 X.<\/a><\/p>\n<p>Om bara n\u00e5gra veckor kliver <a href=\"https:\/\/hockeysverige.se\/nhl\" rel=\"nofollow noopener\" target=\"_blank\">NHL<\/a>-stj\u00e4rnorna fr\u00e5n alla v\u00e4rldens h\u00f6rn in p\u00e5 samma is.<\/p>\n<blockquote class=\"twitter-tweet\" data-width=\"500\" data-dnt=\"true\">\n<p lang=\"en\" dir=\"ltr\">The first Olympic test event at Santagiuliana Arena is being delayed because there\u2019s a giant hole in the ice. They brought out a watering can to try and patch it. <a href=\"https:\/\/t.co\/357xeAY3kQ\" rel=\"nofollow\">pic.twitter.com\/357xeAY3kQ<\/a><\/p>\n<p>\u2014 Chris Johnston (@reporterchris) <a href=\"https:\/\/twitter.com\/reporterchris\/status\/2009718297537982595?ref_src=twsrc%5Etfw\" rel=\"nofollow noopener\" target=\"_blank\">January 9, 2026<\/a><\/p><\/blockquote>\n<p><script async src=\"https:\/\/platform.twitter.com\/widgets.js\" charset=\"utf-8\"><\/script><\/p>\n","protected":false},"excerpt":{"rendered":"Turerna kring hockeyarenorna inf\u00f6r OS i Milano forts\u00e4tter att g\u00e5 i h\u00f6gvarv.P\u00e5 fredagen spelades en genrepsmatch \u2013 och&hellip;\n","protected":false},"author":2,"featured_media":131192,"comment_status":"","ping_status":"","sticky":false,"template":"","format":"standard","meta":{"footnotes":""},"categories":[68],"tags":[2578,34,133,111,110,31,33,32,30],"class_list":{"0":"post-131191","1":"post","2":"type-post","3":"status-publish","4":"format-standard","5":"has-post-thumbnail","7":"category-sport","8":"tag-os","9":"tag-se","10":"tag-second-news","11":"tag-sport","12":"tag-sports","13":"tag-svenska","14":"tag-sverige","15":"tag-sweden","16":"tag-swedish"},"share_on_mastodon":{"url":"https:\/\/pubeurope.com\/@se\/115867983719683551","error":""},"_links":{"self":[{"href":"https:\/\/www.europesays.com\/se\/wp-json\/wp\/v2\/posts\/131191","targetHints":{"allow":["GET"]}}],"collection":[{"href":"https:\/\/www.europesays.com\/se\/wp-json\/wp\/v2\/posts"}],"about":[{"href":"https:\/\/www.europesays.com\/se\/wp-json\/wp\/v2\/types\/post"}],"author":[{"embeddable":true,"href":"https:\/\/www.europesays.com\/se\/wp-json\/wp\/v2\/users\/2"}],"replies":[{"embeddable":true,"href":"https:\/\/www.europesays.com\/se\/wp-json\/wp\/v2\/comments?post=131191"}],"version-history":[{"count":0,"href":"https:\/\/www.europesays.com\/se\/wp-json\/wp\/v2\/posts\/131191\/revisions"}],"wp:featuredmedia":[{"embeddable":true,"href":"https:\/\/www.europesays.com\/se\/wp-json\/wp\/v2\/media\/131192"}],"wp:attachment":[{"href":"https:\/\/www.europesays.com\/se\/wp-json\/wp\/v2\/media?parent=131191"}],"wp:term":[{"taxonomy":"category","embeddable":true,"href":"https:\/\/www.europesays.com\/se\/wp-json\/wp\/v2\/categories?post=131191"},{"taxonomy":"post_tag","embeddable":true,"href":"https:\/\/www.europesays.com\/se\/wp-json\/wp\/v2\/tags?post=131191"}],"curies":[{"name":"wp","href":"https:\/\/api.w.org\/{rel}","templated":true}]}}