{"id":131193,"date":"2026-01-10T00:33:24","date_gmt":"2026-01-10T00:33:24","guid":{"rendered":"https:\/\/www.europesays.com\/se\/131193\/"},"modified":"2026-01-10T00:33:24","modified_gmt":"2026-01-10T00:33:24","slug":"creades-vinner-striden-om-hanna-andreen-jattekul-breakit","status":"publish","type":"post","link":"https:\/\/www.europesays.com\/se\/131193\/","title":{"rendered":"Creades vinner striden om Hanna Andreen: &quot;J\u00e4ttekul!&quot; &#8211; Breakit"},"content":{"rendered":"<ol>\n<li><a href=\"https:\/\/news.google.com\/rss\/articles\/CBMijgFBVV95cUxPQy1zUXZzck51WWZFMGg2WFFCak5kRlo4Y05mMFdHUEpCM0hRWEg2dl8wNjNfc2xiMnNsSXowSzRYYWxSdFdFTzZvNTlXSjh5Q1gybDg5aTVwTFM3T3B2N1NWajlhaUNjRFhUWHpvN21ZNUZVVDkxanBfNXJMbDBmQVBwRUhwWWlhc1VQWFhR?oc=5\" target=\"_blank\" rel=\"nofollow noopener\">Creades vinner striden om Hanna Andreen: &#8221;J\u00e4ttekul!&#8221;<\/a>&nbsp;&nbsp;Breakit<\/li>\n<li><a href=\"https:\/\/news.google.com\/rss\/articles\/CBMigwFBVV95cUxQSTc4UHdxZWE3NmcwaW8zaWYwbHA3MzNSSEROTTVrVGtCc1lxOHBBdmNRbUtPY0owdFRKZVhCWEZMNW02VFdsMDh6ZUVjdUhIU25kSkQtMEMwYXJPcENCNG5sRGNqX01zUlRYUURnUXlqTzBrOFBEUjIzbkJISjEzZjJiMA?oc=5\" target=\"_blank\" rel=\"nofollow noopener\">Klart: Avhoppade Flat Capital-vd:n g\u00e5r till Creades<\/a>&nbsp;&nbsp;DI<\/li>\n<li><a href=\"https:\/\/news.google.com\/rss\/articles\/CBMiqAFBVV95cUxPa3pyQkhOT2FBQ0JscVhQV2N6WkVpY0w3VWVEcm9KTk1TSFhXMXhUWkVTbTZfR1YxMEVkd2IwdW9zQm9tcW9yTjdKXzZiTlQ2VDdjV2FHLTR1bEVKVE1IVlBQLVJRUnpOM2hWNlBzOHBlRGxyajRXU1hRX3lneFE4VDgydUk2NmJsOTFNa1NjWEpidzc1aUtnZUs4SkVCenFkUGRXdk1mVGY?oc=5\" target=\"_blank\" rel=\"nofollow noopener\">Klart: Flat Capitals avg\u00e5ende vd Hanna Andreen g\u00e5r till Creades<\/a>&nbsp;&nbsp;Placera.se<\/li>\n<li><a href=\"https:\/\/news.google.com\/rss\/articles\/CBMigAFBVV95cUxQM2g1eVRRNXhWeHduNXctVVZNNVQ2UUN4MkptUDhoMVl5VWxyV21NbUk4ejdfM3VGTXhVbUx4aVp1QnA0Qk1OT3U4dGJ1Z3NBODk0NTJmVWljcUpuVUVYSTVWUi1lLXRGRUJmWUZXaTRreXZ3NmowSlcybHA0ZU9CMw?oc=5\" target=\"_blank\" rel=\"nofollow noopener\">Uppgifter: Hanna Andreen blir investeringsansvarig p\u00e5 Creades<\/a>&nbsp;&nbsp;EFN<\/li>\n<li><a href=\"https:\/\/news.google.com\/rss\/articles\/CBMipAFBVV95cUxPekdOT2pwSk14dFc5dGRNX2JFdU9zdFdVNzU2YzluNmdPNFdDMU5KTkVwQ0VLbFNWRklvZFBPc2M0N3JmS0lPSDN4RU9xS2tPWkNQeHN2WEkyZ2ZlcVNXa0hhZ051aGtRajhoQzNmUG9XUVl1a0ZuenV3WVo5WHREUnpsdFIyb3VKUFBnWEk0VUU3WWpTMU9Vd21pbFpIU21mcEllWg?oc=5\" target=\"_blank\" rel=\"nofollow noopener\">Hanna Andreen g\u00e5r till Creades \u2013 nya chefen John Hedberg: \u201cBlir kanon\u201d<\/a>&nbsp;&nbsp;Breakit<\/li>\n<\/ol>\n","protected":false},"excerpt":{"rendered":"Creades vinner striden om Hanna Andreen: &#8221;J\u00e4ttekul!&#8221;&nbsp;&nbsp;Breakit Klart: Avhoppade Flat Capital-vd:n g\u00e5r till Creades&nbsp;&nbsp;DI Klart: Flat Capitals avg\u00e5ende&hellip;\n","protected":false},"author":2,"featured_media":131194,"comment_status":"","ping_status":"","sticky":false,"template":"","format":"standard","meta":{"footnotes":""},"categories":[65],"tags":[72,87,70,71,88,91,90,92,34,89,86,31,33,32,30,85],"class_list":{"0":"post-131193","1":"post","2":"type-post","3":"status-publish","4":"format-standard","5":"has-post-thumbnail","7":"category-ekonomi","8":"tag-business","9":"tag-digital","10":"tag-economy","11":"tag-ekonomi","12":"tag-entreprenor","13":"tag-king","14":"tag-klarna","15":"tag-riskkapital","16":"tag-se","17":"tag-spotify","18":"tag-startups","19":"tag-svenska","20":"tag-sverige","21":"tag-sweden","22":"tag-swedish","23":"tag-tech"},"share_on_mastodon":{"url":"https:\/\/pubeurope.com\/@se\/115867995497784554","error":""},"_links":{"self":[{"href":"https:\/\/www.europesays.com\/se\/wp-json\/wp\/v2\/posts\/131193","targetHints":{"allow":["GET"]}}],"collection":[{"href":"https:\/\/www.europesays.com\/se\/wp-json\/wp\/v2\/posts"}],"about":[{"href":"https:\/\/www.europesays.com\/se\/wp-json\/wp\/v2\/types\/post"}],"author":[{"embeddable":true,"href":"https:\/\/www.europesays.com\/se\/wp-json\/wp\/v2\/users\/2"}],"replies":[{"embeddable":true,"href":"https:\/\/www.europesays.com\/se\/wp-json\/wp\/v2\/comments?post=131193"}],"version-history":[{"count":0,"href":"https:\/\/www.europesays.com\/se\/wp-json\/wp\/v2\/posts\/131193\/revisions"}],"wp:featuredmedia":[{"embeddable":true,"href":"https:\/\/www.europesays.com\/se\/wp-json\/wp\/v2\/media\/131194"}],"wp:attachment":[{"href":"https:\/\/www.europesays.com\/se\/wp-json\/wp\/v2\/media?parent=131193"}],"wp:term":[{"taxonomy":"category","embeddable":true,"href":"https:\/\/www.europesays.com\/se\/wp-json\/wp\/v2\/categories?post=131193"},{"taxonomy":"post_tag","embeddable":true,"href":"https:\/\/www.europesays.com\/se\/wp-json\/wp\/v2\/tags?post=131193"}],"curies":[{"name":"wp","href":"https:\/\/api.w.org\/{rel}","templated":true}]}}