{"id":131195,"date":"2026-01-10T00:36:16","date_gmt":"2026-01-10T00:36:16","guid":{"rendered":"https:\/\/www.europesays.com\/se\/131195\/"},"modified":"2026-01-10T00:36:16","modified_gmt":"2026-01-10T00:36:16","slug":"fem-fackliga-nyheter-fran-veckan-som-gatt-5","status":"publish","type":"post","link":"https:\/\/www.europesays.com\/se\/131195\/","title":{"rendered":"Fem fackliga nyheter fr\u00e5n veckan som g\u00e5tt"},"content":{"rendered":"<p>Facket <b>Hotell- och restaurangfacket tecknar avtal med strippklubb, m\u00e5nga f\u00f6rskoll\u00e4rare v\u00e4ntas l\u00e4mna yrket och m\u00e5nadsl\u00f6nen fyller 30 \u00e5r. H\u00e4r \u00e4r fem fackliga nyheter fr\u00e5n veckan som g\u00e5tt.<\/b><\/p>\n<p><b>M\u00e5nadsl\u00f6nen fyller 30 \u00e5r\u00a0<\/b><\/p>\n<p>Fackf\u00f6rbundet Elektrikerna stred i m\u00e5nga \u00e5r f\u00f6r att de anst\u00e4llda p\u00e5 installationsavtalet skulle f\u00e5 m\u00e5nadsl\u00f6n i st\u00e4llet f\u00f6r fyraveckorsl\u00f6n. 1995 gick arbetsgivarna med p\u00e5 det och m\u00e5nadsl\u00f6nen blev ett faktum. Vid den tidpunkten hade redan andra arbetsgrupper som tj\u00e4nstem\u00e4nnen m\u00e5nadsl\u00f6n. Det gjorde det enklare f\u00f6r facket att f\u00e5 med arbetsgivarsidan p\u00e5 f\u00f6r\u00e4ndringen, m\u00e5nadsl\u00f6nen, som nu fyller 30 \u00e5r. Det rapporterar tidningen <a href=\"https:\/\/arbetet.se\/2026\/01\/05\/efter-ar-av-facklig-strid-manadslonen-fyller-30-ar\/\" rel=\"nofollow noopener\" target=\"_blank\">Arbetet<\/a>.\u00a0<\/p>\n<p>Fackf\u00f6rbund p\u00e5 Ica r\u00e4ddade arbetstimmar<\/p>\n<p>Ica Kvantum i Landskrona ville dra ner personalens arbetstimmar kraftigt. Det ledde till fackliga protester som fick arbetsgivarna att vilja f\u00f6rhandla med facket. Resultatet av f\u00f6rhandlingarna, som nu \u00e4r avslutade, \u00e4r att endast tre personer fick en minskning av timmar i sina kontrakt. Tillsammans f\u00f6rlorade de 20 timmar, ingen fick dock mindre arbetstid \u00e4n 30 timmar i veckan. Det rapporterar tidningen <a href=\"https:\/\/arbetet.se\/2026\/01\/07\/efter-protester-facket-raddade-arbetstimmar-for-de-anstallda-pa-ica-kvantum-i-landskrona\/\" rel=\"nofollow noopener\" target=\"_blank\">Arbetet<\/a>. De har \u00e4ven pratat med ombudsmannen Kamil Walicki som uppger att processen orsakade on\u00f6dig oro men ocks\u00e5 visar p\u00e5 styrkan i fackligt arbete.<\/p>\n<p><b>M\u00e5nga f\u00f6rskoll\u00e4rare v\u00e4ntas l\u00e4mna yrket<\/b><\/p>\n<p>En ny internationell studie visar att drygt fyra av tio f\u00f6rskolepersonal tror att de har l\u00e4mnat yrket inom fem \u00e5r. Unders\u00f6kningen, som presenterats av Skolverket, har kommit fram till att svensk f\u00f6rskola, i j\u00e4mf\u00f6relse med Danmark och Finland, har fler barn per personal, vidare \u00f6ppettider och fler barn med olika bakgrunder. I ett <a href=\"https:\/\/via.tt.se\/pressmeddelande\/4169480\/sveriges-larare-barnens-och-lararnas-halsa-satts-pa-spel?publisherId=3236597&amp;lang=sv\" rel=\"nofollow noopener\" target=\"_blank\">pressmeddelande<\/a> skriver fackf\u00f6rbundet Sveriges L\u00e4rare att de har larmat om situationen l\u00e4nge och att resultatet inte \u00e4r f\u00f6rv\u00e5nande. Nu kr\u00e4ver de bland annat ett maxtak f\u00f6r barngruppernas storlek och en reglerad minimibemanning.\u00a0<\/p>\n<p><b>Fack tecknar avtal med strippklubb<\/b><\/p>\n<p>Hotell- och restaurangfacket (HRF) har tecknat kollektivavtal med strippklubben Chat Noir i G\u00f6teborg, skriver tidningen <a href=\"https:\/\/www.hotellrevyn.se\/hrf-tecknar-avtal-med-strippklubb\/\" rel=\"nofollow noopener\" target=\"_blank\">Hotellrevyn<\/a>. Det har varit en l\u00e5ng process. Klubben ville teckna avtal med fackf\u00f6rbundet redan 2019 men f\u00f6rbundets d\u00e5varande ledning sa nej p\u00e5 grund av att den huvudsakliga verksamheten \u00e4r dans och striptease. Nu leds HRF av en annan ledning som har l\u00e5tit teckna ett kollektivavtal p\u00e5 strippklubben.\u00a0<\/p>\n<p>\u2013 Vi har varit p\u00e5 platsen, dokumenterat och pratat med personalen om arbetsuppgifterna. H\u00e4r finns entr\u00e9v\u00e4rdar, bartenders, serveringspersonal och garderobi\u00e4rer. Vi organiserar samma grupper p\u00e5 Oscarsteatern, det \u00e4r ingen skillnad. Vi organiserar inte de som st\u00e5r p\u00e5 scenen vare sig d\u00e4r eller h\u00e4r, s\u00e4ger Hotell- och restaurangfackets avtalssekreterare Peggy Nyholm till Hotellrevyn.\u00a0<\/p>\n<p><b>Alla anst\u00e4llda p\u00e5 Biltema i Karlstad tvingas sluta<\/b><\/p>\n<p>Innan jul kom beskedet att Biltema i Karlstad varslar alla sina anst\u00e4llda. Nu har f\u00f6rhandlingarna med facket avslutats och beskedet \u00e4r att samtliga anst\u00e4llda p\u00e5 varuhuset i Karlstad blir uppsagda. Det handlar om totalt 55 personer. Orsaken bakom upps\u00e4gningarna \u00e4r att Biltema st\u00e4nger sitt varuhus i Karlstad, f\u00f6r att den nuvarande lokalen ska byggas om. Det rapporterar tidningen <a href=\"https:\/\/arbetet.se\/2026\/01\/05\/beskedet-samtliga-anstallda-pa-biltema-i-karlstad-far-sluta\/\" rel=\"nofollow noopener\" target=\"_blank\">Arbetet<\/a>.<\/p>\n<p><strong>Tuva Thell<\/strong><\/p>\n","protected":false},"excerpt":{"rendered":"Facket Hotell- och restaurangfacket tecknar avtal med strippklubb, m\u00e5nga f\u00f6rskoll\u00e4rare v\u00e4ntas l\u00e4mna yrket och m\u00e5nadsl\u00f6nen fyller 30 \u00e5r.&hellip;\n","protected":false},"author":2,"featured_media":131196,"comment_status":"","ping_status":"","sticky":false,"template":"","format":"standard","meta":{"footnotes":""},"categories":[5],"tags":[22,23,26,27,17,21,24,25,28,29,15,16,18,34,31,33,32,30,19,20],"class_list":{"0":"post-131195","1":"post","2":"type-post","3":"status-publish","4":"format-standard","5":"has-post-thumbnail","7":"category-rubriker","8":"tag-breaking-news","9":"tag-breakingnews","10":"tag-featured-news","11":"tag-featurednews","12":"tag-headlines","13":"tag-huvudnyheter","14":"tag-latest-news","15":"tag-latestnews","16":"tag-main-news","17":"tag-mainnews","18":"tag-news","19":"tag-nyheter","20":"tag-rubriker","21":"tag-se","22":"tag-svenska","23":"tag-sverige","24":"tag-sweden","25":"tag-swedish","26":"tag-top-stories","27":"tag-topstories"},"share_on_mastodon":{"url":"https:\/\/pubeurope.com\/@se\/115868007327178672","error":""},"_links":{"self":[{"href":"https:\/\/www.europesays.com\/se\/wp-json\/wp\/v2\/posts\/131195","targetHints":{"allow":["GET"]}}],"collection":[{"href":"https:\/\/www.europesays.com\/se\/wp-json\/wp\/v2\/posts"}],"about":[{"href":"https:\/\/www.europesays.com\/se\/wp-json\/wp\/v2\/types\/post"}],"author":[{"embeddable":true,"href":"https:\/\/www.europesays.com\/se\/wp-json\/wp\/v2\/users\/2"}],"replies":[{"embeddable":true,"href":"https:\/\/www.europesays.com\/se\/wp-json\/wp\/v2\/comments?post=131195"}],"version-history":[{"count":0,"href":"https:\/\/www.europesays.com\/se\/wp-json\/wp\/v2\/posts\/131195\/revisions"}],"wp:featuredmedia":[{"embeddable":true,"href":"https:\/\/www.europesays.com\/se\/wp-json\/wp\/v2\/media\/131196"}],"wp:attachment":[{"href":"https:\/\/www.europesays.com\/se\/wp-json\/wp\/v2\/media?parent=131195"}],"wp:term":[{"taxonomy":"category","embeddable":true,"href":"https:\/\/www.europesays.com\/se\/wp-json\/wp\/v2\/categories?post=131195"},{"taxonomy":"post_tag","embeddable":true,"href":"https:\/\/www.europesays.com\/se\/wp-json\/wp\/v2\/tags?post=131195"}],"curies":[{"name":"wp","href":"https:\/\/api.w.org\/{rel}","templated":true}]}}