{"id":131199,"date":"2026-01-10T00:51:10","date_gmt":"2026-01-10T00:51:10","guid":{"rendered":"https:\/\/www.europesays.com\/se\/131199\/"},"modified":"2026-01-10T00:51:10","modified_gmt":"2026-01-10T00:51:10","slug":"polisen-inleder-mordutredning-i-uddevalla-expressen","status":"publish","type":"post","link":"https:\/\/www.europesays.com\/se\/131199\/","title":{"rendered":"Polisen inleder mordutredning i Uddevalla &#8211; Expressen"},"content":{"rendered":"<ol>\n<li><a href=\"https:\/\/news.google.com\/rss\/articles\/CBMilwFBVV95cUxQc3JPVGE2SERIRmUyakxlTzgzRjlTV1NoakhtNlFESmJINTVlNk9OVEpvNjhFai1qOUFMMno4cThBcGhzTGpKXzREd0cwOU5wald4YnR2dm5rMGc0ZDJRY1JlOGF5VFRCR2huRmRadzRnYjk1bUJoNnJ0R2o3eTRneXJKQVo3NFZqdXVpMkdaTTk2c0xVNVBJ?oc=5\" target=\"_blank\" rel=\"nofollow noopener\">Polisen inleder mordutredning i Uddevalla<\/a>&nbsp;&nbsp;Expressen<\/li>\n<li><a href=\"https:\/\/news.google.com\/rss\/articles\/CBMipwFBVV95cUxNQzQxcXFBWnI5UmhPMHk3UUdXQXN3VElHUkYyUUlaUDVwbDhwVGJaSDVQeVFTQ0FzWGJTRTNuNkZHcjFzNkVXQjg0bnpBTjIyNVN6V3JlWlFqYXU5RVU2QjBZYkx4MnlwZ0NhUlB1NEc1Zmx3WHh1emk5Y0JHUlJoaE82ZlQ5Mk1XSnIydHBPZzRYUGZnNVp0UkloOS0xa2xueXBQUG41aw?oc=5\" target=\"_blank\" rel=\"nofollow noopener\">Gul varning utf\u00e4rdad: Inst\u00e4llda f\u00e4rjeavg\u00e5ngar till och fr\u00e5n Gotland<\/a>&nbsp;&nbsp;SVT Nyheter<\/li>\n<li><a href=\"https:\/\/news.google.com\/rss\/articles\/CBMiqgFBVV95cUxOMWtTZC1TWW9LVkttLXhSTGVEZkVYVEluT0ExMUpJQWJvVE9kNWtNLUpRX2tOaE5FN0ZBY1VDRU4xTjRWODc0ZmtMWV9mVURxcExWV2h1RTdGcnp1cjg1X2JGMXd1MDA5M1QyQ3gtR29WZkNxbVF5SC1kVzF1X1hmVl9UZmt2UWxxVGtKS1FfdUp1NnVSVHNDZUpqd1hDekMzSE9wQXRHRUxUUQ?oc=5\" target=\"_blank\" rel=\"nofollow noopener\">Destination Gotland st\u00e4ller in f\u00e4rjor igen: \u201dExtraordin\u00e4rt\u201d<\/a>&nbsp;&nbsp;Helagotland<\/li>\n<li><a href=\"https:\/\/news.google.com\/rss\/articles\/CBMikwFBVV95cUxOOTJUTFR0eldOSFRKZUtmRjNFQVVVT2sxMXF6ck4wcmc0TUNNYjQtUWNYYVRjYUQ1LWRaR0Z5YUZuc2dHZERhU1JzYlI1SkJIWkVGeEtJZ2otVUFGTHpFUUtiamRPSHhaMzY0T0pvbjFTT0VLR2ZSVDBaVnQ1Z2YweGlvUnZMTmJGM0duanFIRmo5V00?oc=5\" target=\"_blank\" rel=\"nofollow noopener\">Gul varning f\u00f6r kraftiga vindar \u2013 kuling p\u00e5 \u00d6stersj\u00f6n<\/a>&nbsp;&nbsp;Ystads Allehanda<\/li>\n<li><a href=\"https:\/\/news.google.com\/rss\/articles\/CBMiggFBVV95cUxORzE5amNyWDE0RDVRbmtzMFdObjhKVlh2ampuZTZieG5ZdGRleEEwM0hUU21rRWlQdVFZS19FYUhLMlhPX0pyT1ZyMGM0ZGthdFZydXM1Mnp0bHFYNDVvYUdHUXZXaDJHc0JURjZZT20yckJLeG0tSXR2R2ZSR0wyWl93?oc=5\" target=\"_blank\" rel=\"nofollow noopener\">H\u00e5rt v\u00e4der \u2013 f\u00e4rjetrafik st\u00e4lls in<\/a>&nbsp;&nbsp;Nyn\u00e4shamns Posten<\/li>\n<\/ol>\n","protected":false},"excerpt":{"rendered":"Polisen inleder mordutredning i Uddevalla&nbsp;&nbsp;Expressen Gul varning utf\u00e4rdad: Inst\u00e4llda f\u00e4rjeavg\u00e5ngar till och fr\u00e5n Gotland&nbsp;&nbsp;SVT Nyheter Destination Gotland st\u00e4ller&hellip;\n","protected":false},"author":2,"featured_media":39,"comment_status":"","ping_status":"","sticky":false,"template":"","format":"standard","meta":{"footnotes":""},"categories":[14],"tags":[22,23,26,27,17,21,24,25,28,29,15,16,18,34,31,33,32,30,19,20,51,52,53,54],"class_list":{"0":"post-131199","1":"post","2":"type-post","3":"status-publish","4":"format-standard","5":"has-post-thumbnail","7":"category-varlden","8":"tag-breaking-news","9":"tag-breakingnews","10":"tag-featured-news","11":"tag-featurednews","12":"tag-headlines","13":"tag-huvudnyheter","14":"tag-latest-news","15":"tag-latestnews","16":"tag-main-news","17":"tag-mainnews","18":"tag-news","19":"tag-nyheter","20":"tag-rubriker","21":"tag-se","22":"tag-svenska","23":"tag-sverige","24":"tag-sweden","25":"tag-swedish","26":"tag-top-stories","27":"tag-topstories","28":"tag-varlden","29":"tag-world","30":"tag-world-news","31":"tag-worldnews"},"share_on_mastodon":{"url":"https:\/\/pubeurope.com\/@se\/115868066305100184","error":""},"_links":{"self":[{"href":"https:\/\/www.europesays.com\/se\/wp-json\/wp\/v2\/posts\/131199","targetHints":{"allow":["GET"]}}],"collection":[{"href":"https:\/\/www.europesays.com\/se\/wp-json\/wp\/v2\/posts"}],"about":[{"href":"https:\/\/www.europesays.com\/se\/wp-json\/wp\/v2\/types\/post"}],"author":[{"embeddable":true,"href":"https:\/\/www.europesays.com\/se\/wp-json\/wp\/v2\/users\/2"}],"replies":[{"embeddable":true,"href":"https:\/\/www.europesays.com\/se\/wp-json\/wp\/v2\/comments?post=131199"}],"version-history":[{"count":0,"href":"https:\/\/www.europesays.com\/se\/wp-json\/wp\/v2\/posts\/131199\/revisions"}],"wp:featuredmedia":[{"embeddable":true,"href":"https:\/\/www.europesays.com\/se\/wp-json\/wp\/v2\/media\/39"}],"wp:attachment":[{"href":"https:\/\/www.europesays.com\/se\/wp-json\/wp\/v2\/media?parent=131199"}],"wp:term":[{"taxonomy":"category","embeddable":true,"href":"https:\/\/www.europesays.com\/se\/wp-json\/wp\/v2\/categories?post=131199"},{"taxonomy":"post_tag","embeddable":true,"href":"https:\/\/www.europesays.com\/se\/wp-json\/wp\/v2\/tags?post=131199"}],"curies":[{"name":"wp","href":"https:\/\/api.w.org\/{rel}","templated":true}]}}